{"id":31110,"date":"2022-07-11T18:37:00","date_gmt":"2022-07-11T21:37:00","guid":{"rendered":"https:\/\/www.radiopresidenteibanez.cl\/web\/?p=31110"},"modified":"2022-07-11T16:25:50","modified_gmt":"2022-07-11T19:25:50","slug":"mesa-de-salud-mental-y-apoyo-psicosocial-en-emergencia-y-desastres-realiza-su-primera-reunion-del-ano","status":"publish","type":"post","link":"https:\/\/www.radiopresidenteibanez.cl\/web\/mesa-de-salud-mental-y-apoyo-psicosocial-en-emergencia-y-desastres-realiza-su-primera-reunion-del-ano\/","title":{"rendered":"MESA DE SALUD MENTAL Y APOYO PSICOSOCIAL EN EMERGENCIA Y DESASTRES REALIZA SU PRIMERA REUNION DEL A\u00d1O"},"content":{"rendered":"\n<p>Con\nla participaci\u00f3n de representantes de 26 instituciones de la regi\u00f3n, la SEREMI\nde Salud Magallanes y ONEMI coordinaron la primera reuni\u00f3n del a\u00f1o de la mesa\nintersectorial en Salud Mental y Apoyo Psicosocial (SMAPS) en Emergencias y\nDesastres.&nbsp; <\/p>\n\n\n\n<p>Dieron inicio a la\nactividad la SEREMI de Salud de Magallanes, Francisca Sanfuentes, y el Director\nRegional de ONEMI, Juan Carlos Andrades, quienes valoraron el inter\u00e9s y\nparticipaci\u00f3n de las instituciones presentes en la tem\u00e1tica de protecci\u00f3n de la\nsalud mental en contexto de emergencias y desastres, para estar preparados como\nregi\u00f3n ante alguna de estas situaciones.<\/p>\n\n\n\n<p>El objetivo de esta mesa esarticular a las distintas\ninstituciones y organizaciones del Sistema Nacional de Prevenci\u00f3n y Respuesta\nante Desastres (SINAPRED) en las acciones que desarrollan en torno a la\nprotecci\u00f3n de la salud mental y apoyo psicosocial en las distintas fases del\nciclo del riesgo de desastres. <\/p>\n\n\n\n<p>El Director Regional de\nONEMI, Juan Carlos Andrades, explic\u00f3: \u201cNuestra mesa se cre\u00f3 el 2018 y fuimos\nuna de las primeras en constituirnos a nivel nacional, junto con Salud, que es\nuno de los servicios que trabaja fuertemente en lo que es la gesti\u00f3n de\nemergencias y desastres, a trav\u00e9s de sus encargados de emergencia regionales. Nos\nhemos propuesto en esta ocasi\u00f3n retomar el esfuerzo para poder decantar hacia\nlas instituciones que est\u00e1n conformando esta mesa, para establecer estrategias,\nroles y funciones, y c\u00f3mo vamos a trabajar\u201d, agregando que la salud mental es\nun tema muy relevante durante y posterior a una emergencia o desastre, y por\neso esta mesa quiere reforzar la importancia de abordarlo de forma preventiva,\nantes que ocurran estas situaciones.<\/p>\n\n\n\n<p>La Encargada de Salud\nMental de la SEREMI de Salud, Maribel Bustos, explic\u00f3 que \u201cuno de los desaf\u00edos de\nesta mesa responde a la inclusi\u00f3n de nuevas instituciones, donde este a\u00f1o se\nampli\u00f3 la invitaci\u00f3n y muchas instituciones quisieron formar parte de la mesa.\nPor lo que el primer desaf\u00edo es nivelar los conocimientos de los nuevos\nintegrantes en la tem\u00e1tica de emergencia y desastre en situaciones de salud\nmental. Por otra parte, dar respuesta a las necesidades y expectativas que\nellos mismos plantearon, donde se les consult\u00f3 qu\u00e9 esperaban de esta mesa y qu\u00e9\nnecesidades concretas ten\u00edan, y claramente las tem\u00e1ticas que lideraron esta\npregunta fueron las relacionadas con capacitaciones, la coordinaci\u00f3n y conocer\nla red de apoyo regional, por lo que las primeras acciones ser\u00e1n generar\ninstancias de capacitaci\u00f3n y fortalecer las competencias de las distintas\ninstituciones\u201d.<\/p>\n\n\n\n<p>La contextualizaci\u00f3n del rol de la\nmesa la realizaron la psic\u00f3loga Maribel Bustos y Esteban Troncoso. A su vez, psic\u00f3logo,\nDiego B\u00f3rquez, expuso sobre Coronasomnia: Insomnio por el Coronavirus.<\/p>\n\n\n\n<p>El\nliderazgo t\u00e9cnico de las mesas estar\u00e1 dado por la autoridad de salud correspondiente al nivel\nde gesti\u00f3n, espec\u00edficamente en el \u00e1rea de salud mental (encargado de salud\nmental de la SEREMI Salud para la regi\u00f3n, Oficina Provincial de Salud y Direcci\u00f3n\nde Salud Municipal). La ONEMI en tanto, aportar\u00e1 a la gesti\u00f3n como soporte de\nla mesa en lo que respecta a promover la participaci\u00f3n de los actores del Sistema\nNacional de Prevenci\u00f3n y Respuesta ante Desastres&nbsp; (SINAPRED), proveer de toda la informaci\u00f3n\ndisponible respecto a las amenazas, monitoreo, alerta, afectaci\u00f3n, entre\notras.&nbsp; <\/p>\n\n\n\n<p>En la actualidad las Mesas\nT\u00e9cnicas SMAPS tienen su expresi\u00f3n en el nivel nacional y regional, pero se\nespera su avance hacia los niveles provinciales y comunales.<\/p>\n","protected":false},"excerpt":{"rendered":"<p>Con la participaci\u00f3n de representantes de 26 instituciones de la regi\u00f3n, la SEREMI de Salud Magallanes y ONEMI coordinaron la primera reuni\u00f3n del a\u00f1o de la mesa intersectorial en Salud&#8230; <a class=\"read-more\" href=\"https:\/\/www.radiopresidenteibanez.cl\/web\/mesa-de-salud-mental-y-apoyo-psicosocial-en-emergencia-y-desastres-realiza-su-primera-reunion-del-ano\/\">Leer m\u00e1s<\/a><\/p>\n","protected":false},"author":2,"featured_media":31111,"comment_status":"closed","ping_status":"closed","sticky":false,"template":"","format":"standard","meta":{"footnotes":""},"categories":[1],"tags":[],"class_list":["post-31110","post","type-post","status-publish","format-standard","has-post-thumbnail","hentry","category-cronica"],"_links":{"self":[{"href":"https:\/\/www.radiopresidenteibanez.cl\/web\/wp-json\/wp\/v2\/posts\/31110","targetHints":{"allow":["GET"]}}],"collection":[{"href":"https:\/\/www.radiopresidenteibanez.cl\/web\/wp-json\/wp\/v2\/posts"}],"about":[{"href":"https:\/\/www.radiopresidenteibanez.cl\/web\/wp-json\/wp\/v2\/types\/post"}],"author":[{"embeddable":true,"href":"https:\/\/www.radiopresidenteibanez.cl\/web\/wp-json\/wp\/v2\/users\/2"}],"replies":[{"embeddable":true,"href":"https:\/\/www.radiopresidenteibanez.cl\/web\/wp-json\/wp\/v2\/comments?post=31110"}],"version-history":[{"count":0,"href":"https:\/\/www.radiopresidenteibanez.cl\/web\/wp-json\/wp\/v2\/posts\/31110\/revisions"}],"wp:featuredmedia":[{"embeddable":true,"href":"https:\/\/www.radiopresidenteibanez.cl\/web\/wp-json\/wp\/v2\/media\/31111"}],"wp:attachment":[{"href":"https:\/\/www.radiopresidenteibanez.cl\/web\/wp-json\/wp\/v2\/media?parent=31110"}],"wp:term":[{"taxonomy":"category","embeddable":true,"href":"https:\/\/www.radiopresidenteibanez.cl\/web\/wp-json\/wp\/v2\/categories?post=31110"},{"taxonomy":"post_tag","embeddable":true,"href":"https:\/\/www.radiopresidenteibanez.cl\/web\/wp-json\/wp\/v2\/tags?post=31110"}],"curies":[{"name":"wp","href":"https:\/\/api.w.org\/{rel}","templated":true}]}}