{"id":31104,"date":"2022-07-11T16:48:00","date_gmt":"2022-07-11T19:48:00","guid":{"rendered":"https:\/\/www.radiopresidenteibanez.cl\/web\/?p=31104"},"modified":"2022-07-11T15:40:05","modified_gmt":"2022-07-11T18:40:05","slug":"exposicion-rostros-de-la-memoria-inicia-itinerancia-por-la-region","status":"publish","type":"post","link":"https:\/\/www.radiopresidenteibanez.cl\/web\/exposicion-rostros-de-la-memoria-inicia-itinerancia-por-la-region\/","title":{"rendered":"Exposici\u00f3n Rostros de la memoria  inicia itinerancia por la regi\u00f3n"},"content":{"rendered":"\n<p>Nueve\nretratos que representan parte de uno de los momentos m\u00e1s oscuros y duros de la\nreciente historia de Chile, conforman la exposici\u00f3n \u00abRostros de la\nMemoria\u201d, del investigador de\ndestacada trayectoria en temas de Derechos Humanos (DD.HH.) y artista\nvisual, Iv\u00e1n Gonz\u00e1lez Toro, que itinerar\u00e1 por la regi\u00f3n de Magallanes gracias al\napoyo de la Seremi de las Culturas, las Artes y el Patrimonio.<\/p>\n\n\n\n<p>Este\ntrabajo, que grafica a personas ejecutadas o hechas desaparecer en la regi\u00f3n de\nMagallanes durante la dictadura c\u00edvico militar ocurrida en Chile entre 1973 y\n1989, se exhibir\u00e1 a partir del lunes 11 de julio en el Espacio Cultural Casa\nAzul del Arte, ubicado en avenida Col\u00f3n N\u00b0 1027, Punta Arenas. Estar\u00e1 disponible\nhasta el 15 del presente mes y se podr\u00e1 visitar de 08.30 a 13.00 y entre las\n14.00 y 21.00 horas. Complementariamente el autor realizar\u00e1 mediaci\u00f3n, para\ncontar a los asistentes sobre el proceso de elaboraci\u00f3n y contextualizaci\u00f3n de\nlas obras, los d\u00edas lunes y mi\u00e9rcoles, a partir de las 10.30 y por las tardes,\na contar de las 15.00 horas.<\/p>\n\n\n\n<p>\u201cComo Estado y administraci\u00f3n de\nGobierno estamos comprometidos con los Derechos Humanos y debemos aportar a los\nprocesos de reparaci\u00f3n a las v\u00edctimas de la dictadura c\u00edvico militar. Las\nmanifestaciones art\u00edsticas tambi\u00e9n contribuyen a ese objetivo y este trabajo,\nque surge desde el programa Memoria y Derechos Humanos del \u00e1rea de Ciudadan\u00eda\nCultural, es una de las acciones que impulsaremos junto a las agrupaciones de\nDerechos Humanos\u201d, coment\u00f3 el Seremi de las Culturas, Diego\nGarc\u00eda. &nbsp;<\/p>\n\n\n\n<p>Recurriendo\na entrevistas y relatos de familiares de las v\u00edctimas, documentaci\u00f3n y\npublicaciones, Iv\u00e1n Gonz\u00e1lez Toro estableci\u00f3 la l\u00ednea de investigaci\u00f3n que dio\norigen a los nueve retratos que tienen vinculaci\u00f3n con Punta Arenas, Natales,\nPrimavera y Porvenir, comunas en las que se exhibir\u00e1 la muestra. &nbsp;&nbsp;<\/p>\n\n\n\n<p>\u201cEl\nrostro humano es una composici\u00f3n \u00edntegra, una ventana del alma, capaz de\ndespertar en el observador emociones y pensamientos e identificar a una persona\nen un momento del tiempo\u201d, reflexion\u00f3 el autor, junto con indicar que \u201cdar a\nconocer este trabajo en ciudades y localidades donde ocurrieron hechos\nespec\u00edficos que afectaron a estas personas en sus derechos, identifica a\naquellos lugares en su calidad de sitios de memoria\u201d. <\/p>\n\n\n\n<p>\u201cRostros\nde la Memoria\u201d, cuyas obras fueron elaboradas con l\u00e1piz grafito\nsobre papel fabriano y canson, se podr\u00e1 visitar tambi\u00e9n entre el 25 de\njulio y 08 de agosto, en el Espacio Cultural La Idea, Punta Arenas; del 22 al\n29 de agosto, en la Biblioteca P\u00fablica Municipal de Puerto Natales; del 02 al\n14 de septiembre, en el Museo Regional (Punta Arenas); desde el 17 al 22 de\noctubre, en Cerro Sombrero, comuna de Primavera, y del 24 al 31 de octubre, en el\nMuseo Municipal de Porvenir.<\/p>\n\n\n\n<p>Este\nproyecto, propuesto por la Agrupaci\u00f3n de Familiares de Ejecutados Pol\u00edticos de\nMagallanes (AFEP), forma parte de la modalidad Iniciativa Estrat\u00e9gica Regional\n(IER) del programa Memoria y Derechos Humanos del \u00e1rea de Ciudadan\u00eda Cultural del\nMinisterio de las Culturas, las Artes y el Patrimonio.<\/p>\n","protected":false},"excerpt":{"rendered":"<p>Nueve retratos que representan parte de uno de los momentos m\u00e1s oscuros y duros de la reciente historia de Chile, conforman la exposici\u00f3n \u00abRostros de la Memoria\u201d, del investigador de&#8230; <a class=\"read-more\" href=\"https:\/\/www.radiopresidenteibanez.cl\/web\/exposicion-rostros-de-la-memoria-inicia-itinerancia-por-la-region\/\">Leer m\u00e1s<\/a><\/p>\n","protected":false},"author":2,"featured_media":31105,"comment_status":"closed","ping_status":"closed","sticky":false,"template":"","format":"standard","meta":{"footnotes":""},"categories":[1],"tags":[],"class_list":["post-31104","post","type-post","status-publish","format-standard","has-post-thumbnail","hentry","category-cronica"],"_links":{"self":[{"href":"https:\/\/www.radiopresidenteibanez.cl\/web\/wp-json\/wp\/v2\/posts\/31104","targetHints":{"allow":["GET"]}}],"collection":[{"href":"https:\/\/www.radiopresidenteibanez.cl\/web\/wp-json\/wp\/v2\/posts"}],"about":[{"href":"https:\/\/www.radiopresidenteibanez.cl\/web\/wp-json\/wp\/v2\/types\/post"}],"author":[{"embeddable":true,"href":"https:\/\/www.radiopresidenteibanez.cl\/web\/wp-json\/wp\/v2\/users\/2"}],"replies":[{"embeddable":true,"href":"https:\/\/www.radiopresidenteibanez.cl\/web\/wp-json\/wp\/v2\/comments?post=31104"}],"version-history":[{"count":0,"href":"https:\/\/www.radiopresidenteibanez.cl\/web\/wp-json\/wp\/v2\/posts\/31104\/revisions"}],"wp:featuredmedia":[{"embeddable":true,"href":"https:\/\/www.radiopresidenteibanez.cl\/web\/wp-json\/wp\/v2\/media\/31105"}],"wp:attachment":[{"href":"https:\/\/www.radiopresidenteibanez.cl\/web\/wp-json\/wp\/v2\/media?parent=31104"}],"wp:term":[{"taxonomy":"category","embeddable":true,"href":"https:\/\/www.radiopresidenteibanez.cl\/web\/wp-json\/wp\/v2\/categories?post=31104"},{"taxonomy":"post_tag","embeddable":true,"href":"https:\/\/www.radiopresidenteibanez.cl\/web\/wp-json\/wp\/v2\/tags?post=31104"}],"curies":[{"name":"wp","href":"https:\/\/api.w.org\/{rel}","templated":true}]}}