{"id":31101,"date":"2022-07-11T15:33:28","date_gmt":"2022-07-11T18:33:28","guid":{"rendered":"https:\/\/www.radiopresidenteibanez.cl\/web\/?p=31101"},"modified":"2022-07-11T15:33:36","modified_gmt":"2022-07-11T18:33:36","slug":"programa-vivo-eficiente-lleva-un-44-de-avance-capacitando-familias-de-magallanes","status":"publish","type":"post","link":"https:\/\/www.radiopresidenteibanez.cl\/web\/programa-vivo-eficiente-lleva-un-44-de-avance-capacitando-familias-de-magallanes\/","title":{"rendered":"Programa Vivo Eficiente lleva un 44% de avance capacitando familias de Magallanes"},"content":{"rendered":"\n<p>Un 44 por ciento de avance lleva a la fecha el Programa para la Educaci\u00f3n Energ\u00e9tica en el Hogar, \u201cVivo Eficiente\u201d, cuyo objetivo busca fortalecer y consolidar el buen uso de la energ\u00eda que hagan las familias adheridas.&nbsp;<\/p>\n\n\n\n<p>En esta su tercera etapa, capacitando en su tercera etapa de implementaci\u00f3n, a 150 familias de las comunas de Timaukel, Primavera, Puerto Natales y Porvenir, en la regi\u00f3n de Magallanes, mediante el desarrollo de actividades did\u00e1cticas, l\u00fadicas y pr\u00e1cticas divididas en 4 sesiones y siempre bajo la premisa del \u201caprender jugando\u201d; y donde 67 de las cuales ya han accedido a dos de las cuatro intervenciones que contempla la capacitaci\u00f3n integral.<\/p>\n\n\n\n<p>En este sentido, la Seremi de Energ\u00eda de Magallanes, Mar\u00eda Luisa Ojeda destac\u00f3 que con el programa Vivo Eficiente, se est\u00e1 por un lado robusteciendo la cultura de la eficiencia energ\u00e9tica y, por otro, \u201cdescentralizando la regi\u00f3n al poner en el centro de las preocupaciones de nuestro Gobierno, a las personas y familias que m\u00e1s lo requieren\u201d, dijo la Seremi de Energ\u00eda.<\/p>\n\n\n\n<p>\u201cComo gobierno, tenemos un fuerte compromiso con la descentralizaci\u00f3n no solo del pa\u00eds, sino tambi\u00e9n de las regiones. Este programa, que llega hasta los rincones m\u00e1s apartados y de dif\u00edcil acceso de Magallanes, como lo es Puerto Ed\u00e9n, Cameron o Pampa Guanaco, tiene entre sus principales objetivos, llevar la educaci\u00f3n energ\u00e9tica integral a estos lugares. Sin duda, esto ha sido posible gracias al trabajo coordinado que realizamos con el Gobierno Regional y la Agencia de Sostenibilidad Energ\u00e9tica, lo que nos ha permitido enfocar los nuestros esfuerzos en las familias que hacen soberan\u00eda en la zona m\u00e1s austral de Chile\u201d, apunt\u00f3 la autoridad.&nbsp;<\/p>\n\n\n\n<p><strong>EFICIENCIA ENERG\u00c9TICA EN INVIERNO<\/strong><\/p>\n\n\n\n<p>Ester Espinoza, profesional de la L\u00ednea de Educaci\u00f3n y Capacitaci\u00f3n de la AgenciaSE, explic\u00f3 que la eficiencia energ\u00e9tica (EE) se considera la forma m\u00e1s rentable de reducir las emisiones de gases de efecto invernadero (GEI).<\/p>\n\n\n\n<p>\u201cLas posibilidades de usar la energ\u00eda de forma eficiente son muchas, pero el potencial de \u00e9stas a\u00fan est\u00e1 muy desaprovechado por el desconocimiento t\u00e9cnico, la falta de tecnolog\u00edas m\u00e1s eficientes y la necesidad de un mayor acceso a la informaci\u00f3n y educaci\u00f3n energ\u00e9tica, temas que abordamos a trav\u00e9s del programa Vivo Eficiente en Magallanes\u201d.<\/p>\n\n\n\n<p>En este contexto invernal, la secretaria regional de Energ\u00eda de Magallanes,&nbsp;realiz\u00f3 algunas recomendaciones&nbsp;a las familias para ser m\u00e1s eficientes en el uso de la energ\u00eda, especialmente en \u00e9poca invernal cuando las bajas temperaturas hacen m\u00e1s dif\u00edcil mantener una condici\u00f3n de confort dentro de las viviendas.<\/p>\n\n\n\n<p>\u00abEs importante verificar que la casa no cuente&nbsp;con grietas o filtraciones de aire, usar&nbsp;sellos en puertas y ventanas para evitar las fugas de calor, adem\u00e1s de cerrar las cortinas por las noches, para mejorar la envolvente t\u00e9rmica del hogar\u201d, cont\u00f3.<\/p>\n\n\n\n<p>Respecto a las&nbsp;claves para mantener un&nbsp;confort t\u00e9rmico del hogar, la Seremi Mar\u00eda Luisa Ojeda agreg\u00f3 que \u201ces relevante realizar mantenimiento y mejoras en la aislaci\u00f3n t\u00e9rmica de la vivienda, adem\u00e1s de revisiones preventivas a los equipos de calefacci\u00f3n, las que deben realizarse ojal\u00e1&nbsp;cada&nbsp;6 meses y siempre por un profesional que se encuentre acreditado en la SEC. Todas estas tem\u00e1ticas son las que se ense\u00f1an a las 150 familias beneficiadas por el Programa Vivo Eficiente con el cual esperamos fortalecer y consolidar el buen uso de la energ\u00eda&nbsp;en Magallanes\u201d.<\/p>\n\n\n\n<p>#YoVivoEficiente, es el lema de este programa, en el cual los beneficiarios est\u00e1n conociendo, experimentando y aprendiendo sobre energ\u00eda, eficiencia energ\u00e9tica y sus implicaciones medioambientales, sociales y econ\u00f3micas, mediante el desarrollo de actividades did\u00e1cticas y pr\u00e1cticas, acompa\u00f1ados de profesionales que van orientando cada una de las actividades.<\/p>\n","protected":false},"excerpt":{"rendered":"<p>Un 44 por ciento de avance lleva a la fecha el Programa para la Educaci\u00f3n Energ\u00e9tica en el Hogar, \u201cVivo Eficiente\u201d, cuyo objetivo busca fortalecer y consolidar el buen uso&#8230; <a class=\"read-more\" href=\"https:\/\/www.radiopresidenteibanez.cl\/web\/programa-vivo-eficiente-lleva-un-44-de-avance-capacitando-familias-de-magallanes\/\">Leer m\u00e1s<\/a><\/p>\n","protected":false},"author":2,"featured_media":31102,"comment_status":"closed","ping_status":"closed","sticky":false,"template":"","format":"standard","meta":{"footnotes":""},"categories":[1],"tags":[],"class_list":["post-31101","post","type-post","status-publish","format-standard","has-post-thumbnail","hentry","category-cronica"],"_links":{"self":[{"href":"https:\/\/www.radiopresidenteibanez.cl\/web\/wp-json\/wp\/v2\/posts\/31101","targetHints":{"allow":["GET"]}}],"collection":[{"href":"https:\/\/www.radiopresidenteibanez.cl\/web\/wp-json\/wp\/v2\/posts"}],"about":[{"href":"https:\/\/www.radiopresidenteibanez.cl\/web\/wp-json\/wp\/v2\/types\/post"}],"author":[{"embeddable":true,"href":"https:\/\/www.radiopresidenteibanez.cl\/web\/wp-json\/wp\/v2\/users\/2"}],"replies":[{"embeddable":true,"href":"https:\/\/www.radiopresidenteibanez.cl\/web\/wp-json\/wp\/v2\/comments?post=31101"}],"version-history":[{"count":0,"href":"https:\/\/www.radiopresidenteibanez.cl\/web\/wp-json\/wp\/v2\/posts\/31101\/revisions"}],"wp:featuredmedia":[{"embeddable":true,"href":"https:\/\/www.radiopresidenteibanez.cl\/web\/wp-json\/wp\/v2\/media\/31102"}],"wp:attachment":[{"href":"https:\/\/www.radiopresidenteibanez.cl\/web\/wp-json\/wp\/v2\/media?parent=31101"}],"wp:term":[{"taxonomy":"category","embeddable":true,"href":"https:\/\/www.radiopresidenteibanez.cl\/web\/wp-json\/wp\/v2\/categories?post=31101"},{"taxonomy":"post_tag","embeddable":true,"href":"https:\/\/www.radiopresidenteibanez.cl\/web\/wp-json\/wp\/v2\/tags?post=31101"}],"curies":[{"name":"wp","href":"https:\/\/api.w.org\/{rel}","templated":true}]}}