{"id":311,"date":"2019-01-08T17:42:15","date_gmt":"2019-01-08T17:42:15","guid":{"rendered":"http:\/\/www.radiopresidenteibanez.cl\/web\/?p=311"},"modified":"2019-01-08T17:42:33","modified_gmt":"2019-01-08T17:42:33","slug":"la-secretaria-regional-de-la-cartera-lil-garces-destaco-el-crecimiento-de-imacec-de-noviembre-de-un-31-con-respecto-al-mismo-mes-del-ano-anterior-llamo-a-seguir-trabajando-para-mantener-un-rumbo-po","status":"publish","type":"post","link":"https:\/\/www.radiopresidenteibanez.cl\/web\/la-secretaria-regional-de-la-cartera-lil-garces-destaco-el-crecimiento-de-imacec-de-noviembre-de-un-31-con-respecto-al-mismo-mes-del-ano-anterior-llamo-a-seguir-trabajando-para-mantener-un-rumbo-po\/","title":{"rendered":"LA SECRETARIA REGIONAL DE LA CARTERA LIL GARC\u00c9S, DESTAC\u00d3 EL CRECIMIENTO DE IMACEC DE NOVIEMBRE DE UN 3,1% CON RESPECTO AL MISMO MES DEL A\u00d1O ANTERIOR, LLAM\u00d3 A SEGUIR TRABAJANDO PARA MANTENER UN RUMBO POSITIVO QUE BENEFICIE A TODOS LOS CHILENOS."},"content":{"rendered":"\n<p>El crecimiento del Imacec de noviembre fue de 3,1% con\nrespecto al mismo mes del a\u00f1o anterior, ubic\u00e1ndose por sobre las expectativas\ndel mercado (entre 1,8% y 2,5%). Destacando un crecimiento interanual de 4,1%\ny, por lo tanto, el mayor crecimiento de los primeros 11 meses del a\u00f1o desde el\n2012. Chile vuelve a crecer m\u00e1s que el mundo, a pesar de la adversa situaci\u00f3n\ninternacional, siendo destacado como el mejor pa\u00eds de Latinoam\u00e9rica para hacer\nnegocios en 2019 y el 33\u00b0 a nivel mundial, seg\u00fan un ranking publicado\nrecientemente por Forbes.<\/p>\n\n\n\n<p>La Secretaria Regional de Hacienda, Lil Garc\u00e9s, destac\u00f3;\nChile est\u00e1 en marcha: todos los esfuerzos estan dirigidos a la reactivaci\u00f3n\ntanto econ\u00f3mica como laboral de nuestro pa\u00eds, generando m\u00e1s y mejores empleos\nque se adapten al mercado actual.<\/p>\n\n\n\n<p>Por su parte el Banco Central estableci\u00f3 su proyecci\u00f3n\nde crecimiento del PIB en 4%, adem\u00e1s de corregir al alza la inversi\u00f3n para 2018\n-de 5% a 5,5%- y para 2019 \u2013 de 4,5% a 6%-. Por su parte, la OCDE corrigi\u00f3 su\nexpectativa para Chile de 3,6% a 4,1%, adem\u00e1s de destacar de manera favorable\nla agenda de reformas fundamentales impulsada por el Gobierno.<\/p>\n\n\n\n<p>La Seremi Garc\u00e9s enfatiz\u00f3; estas cifras son una se\u00f1al\npositiva y permiten dar estabilidad a las proyecciones como pa\u00eds, sin embargo\nnos plantean un escenario de mayor compromiso y trabajo para mantener el\ncrecimiento y por sobre todo, dar confianza a la inversi\u00f3n en cada uno de los\nsectores de nuestra econom\u00eda.<\/p>\n\n\n\n<p>Teniendo en cuenta la base comparativa m\u00e1s exigente\ndel segundo semestre del a\u00f1o anterior y un adverso escenario econ\u00f3mico externo,\nes fundamental destacar el impulso que le est\u00e1 dando el Gobierno a la econom\u00eda\na trav\u00e9s de: (1) el proyecto de Modernizaci\u00f3n Tributaria, cuyo objetivo es\npromover el crecimiento econ\u00f3mico y la generaci\u00f3n de empleos mediante dos\nprincipales ejes: impulso la inversi\u00f3n, y simplificaci\u00f3n del sistema\ntributario; (2) la Ley de Presupuestos 2019, que es responsable con el aumento\ndel gasto fiscal, pero que a su vez centra sus esfuerzos en la reactivaci\u00f3n\necon\u00f3mica y en promover el desarrollo integral; (3) el impulso de las agendas\nde competitividad y pro empleo. <\/p>\n","protected":false},"excerpt":{"rendered":"<p>El crecimiento del Imacec de noviembre fue de 3,1% con respecto al mismo mes del a\u00f1o anterior, ubic\u00e1ndose por sobre las expectativas del mercado (entre 1,8% y 2,5%). Destacando un&#8230; <a class=\"read-more\" href=\"https:\/\/www.radiopresidenteibanez.cl\/web\/la-secretaria-regional-de-la-cartera-lil-garces-destaco-el-crecimiento-de-imacec-de-noviembre-de-un-31-con-respecto-al-mismo-mes-del-ano-anterior-llamo-a-seguir-trabajando-para-mantener-un-rumbo-po\/\">Leer m\u00e1s<\/a><\/p>\n","protected":false},"author":2,"featured_media":312,"comment_status":"closed","ping_status":"closed","sticky":false,"template":"","format":"standard","meta":{"footnotes":""},"categories":[1],"tags":[],"class_list":["post-311","post","type-post","status-publish","format-standard","has-post-thumbnail","hentry","category-cronica"],"_links":{"self":[{"href":"https:\/\/www.radiopresidenteibanez.cl\/web\/wp-json\/wp\/v2\/posts\/311","targetHints":{"allow":["GET"]}}],"collection":[{"href":"https:\/\/www.radiopresidenteibanez.cl\/web\/wp-json\/wp\/v2\/posts"}],"about":[{"href":"https:\/\/www.radiopresidenteibanez.cl\/web\/wp-json\/wp\/v2\/types\/post"}],"author":[{"embeddable":true,"href":"https:\/\/www.radiopresidenteibanez.cl\/web\/wp-json\/wp\/v2\/users\/2"}],"replies":[{"embeddable":true,"href":"https:\/\/www.radiopresidenteibanez.cl\/web\/wp-json\/wp\/v2\/comments?post=311"}],"version-history":[{"count":0,"href":"https:\/\/www.radiopresidenteibanez.cl\/web\/wp-json\/wp\/v2\/posts\/311\/revisions"}],"wp:featuredmedia":[{"embeddable":true,"href":"https:\/\/www.radiopresidenteibanez.cl\/web\/wp-json\/wp\/v2\/media\/312"}],"wp:attachment":[{"href":"https:\/\/www.radiopresidenteibanez.cl\/web\/wp-json\/wp\/v2\/media?parent=311"}],"wp:term":[{"taxonomy":"category","embeddable":true,"href":"https:\/\/www.radiopresidenteibanez.cl\/web\/wp-json\/wp\/v2\/categories?post=311"},{"taxonomy":"post_tag","embeddable":true,"href":"https:\/\/www.radiopresidenteibanez.cl\/web\/wp-json\/wp\/v2\/tags?post=311"}],"curies":[{"name":"wp","href":"https:\/\/api.w.org\/{rel}","templated":true}]}}