{"id":3105,"date":"2019-04-07T17:20:13","date_gmt":"2019-04-07T17:20:13","guid":{"rendered":"http:\/\/www.radiopresidenteibanez.cl\/web\/?p=3105"},"modified":"2019-04-07T17:20:37","modified_gmt":"2019-04-07T17:20:37","slug":"gran-corrida-fun-color-tendra-su-inicio-a-partir-de-las-16-horas","status":"publish","type":"post","link":"https:\/\/www.radiopresidenteibanez.cl\/web\/gran-corrida-fun-color-tendra-su-inicio-a-partir-de-las-16-horas\/","title":{"rendered":"GRAN CORRIDA FUN COLOR TENDR\u00c1 SU INICIO A PARTIR DE LAS 16 HORAS"},"content":{"rendered":"\n<p> Esta Corrida est\u00e1 programada para realizarse en el d\u00eda de hoy Domingo 07 de Abril de 2019, a partir de las 16:00 hora de largada , en la Costanera, Sector Multicanchas. Hay 3 recorridos de 1,5 kms., 3 kms., y 5 kms., esta es una actividad familiar y recreativa.<\/p>\n\n\n\n<p><br>Desde las 14:00 hrs., se iniciar\u00e1 la entrega de los kits a los participantes.<br>Las personas que no se inscribieron o no retiraron sus n\u00fameros, le informamos que hay 600 cupos disponibles, s\u00f3lo deben acercarse a la Costanera, Secor Multicanchas para inscribirse, retirar su n\u00famero y kit.<br>Hay 3.000 kits de regalo, consistente en un morral, una polera y polvos de colores para usar en la corrida.<\/p>\n\n\n\n<p>Se ha dispuesto de frutas y agua mineral para la hidrataci\u00f3n de los participantes. <\/p>\n\n\n\n<figure class=\"wp-block-image\"><img loading=\"lazy\" decoding=\"async\" width=\"720\" height=\"480\" src=\"https:\/\/www.radiopresidenteibanez.cl\/web\/wp-content\/uploads\/2019\/04\/fun-color.jpg\" alt=\"\" class=\"wp-image-3106\" srcset=\"https:\/\/www.radiopresidenteibanez.cl\/web\/wp-content\/uploads\/2019\/04\/fun-color.jpg 720w, https:\/\/www.radiopresidenteibanez.cl\/web\/wp-content\/uploads\/2019\/04\/fun-color-300x200.jpg 300w\" sizes=\"auto, (max-width: 720px) 100vw, 720px\" \/><\/figure>\n","protected":false},"excerpt":{"rendered":"<p>Esta Corrida est\u00e1 programada para realizarse en el d\u00eda de hoy Domingo 07 de Abril de 2019, a partir de las 16:00 hora de largada , en la Costanera, Sector&#8230; <a class=\"read-more\" href=\"https:\/\/www.radiopresidenteibanez.cl\/web\/gran-corrida-fun-color-tendra-su-inicio-a-partir-de-las-16-horas\/\">Leer m\u00e1s<\/a><\/p>\n","protected":false},"author":2,"featured_media":3106,"comment_status":"closed","ping_status":"closed","sticky":false,"template":"","format":"standard","meta":{"footnotes":""},"categories":[3],"tags":[],"class_list":["post-3105","post","type-post","status-publish","format-standard","has-post-thumbnail","hentry","category-deportes"],"_links":{"self":[{"href":"https:\/\/www.radiopresidenteibanez.cl\/web\/wp-json\/wp\/v2\/posts\/3105","targetHints":{"allow":["GET"]}}],"collection":[{"href":"https:\/\/www.radiopresidenteibanez.cl\/web\/wp-json\/wp\/v2\/posts"}],"about":[{"href":"https:\/\/www.radiopresidenteibanez.cl\/web\/wp-json\/wp\/v2\/types\/post"}],"author":[{"embeddable":true,"href":"https:\/\/www.radiopresidenteibanez.cl\/web\/wp-json\/wp\/v2\/users\/2"}],"replies":[{"embeddable":true,"href":"https:\/\/www.radiopresidenteibanez.cl\/web\/wp-json\/wp\/v2\/comments?post=3105"}],"version-history":[{"count":0,"href":"https:\/\/www.radiopresidenteibanez.cl\/web\/wp-json\/wp\/v2\/posts\/3105\/revisions"}],"wp:featuredmedia":[{"embeddable":true,"href":"https:\/\/www.radiopresidenteibanez.cl\/web\/wp-json\/wp\/v2\/media\/3106"}],"wp:attachment":[{"href":"https:\/\/www.radiopresidenteibanez.cl\/web\/wp-json\/wp\/v2\/media?parent=3105"}],"wp:term":[{"taxonomy":"category","embeddable":true,"href":"https:\/\/www.radiopresidenteibanez.cl\/web\/wp-json\/wp\/v2\/categories?post=3105"},{"taxonomy":"post_tag","embeddable":true,"href":"https:\/\/www.radiopresidenteibanez.cl\/web\/wp-json\/wp\/v2\/tags?post=3105"}],"curies":[{"name":"wp","href":"https:\/\/api.w.org\/{rel}","templated":true}]}}