{"id":31024,"date":"2022-07-07T19:03:00","date_gmt":"2022-07-07T22:03:00","guid":{"rendered":"https:\/\/www.radiopresidenteibanez.cl\/web\/?p=31024"},"modified":"2022-07-07T16:45:46","modified_gmt":"2022-07-07T19:45:46","slug":"talleres-charlas-atenciones-y-tutorias-pares-se-han-desarrollado-el-primer-semestre-2022-desde-pace-umag","status":"publish","type":"post","link":"https:\/\/www.radiopresidenteibanez.cl\/web\/talleres-charlas-atenciones-y-tutorias-pares-se-han-desarrollado-el-primer-semestre-2022-desde-pace-umag\/","title":{"rendered":"TALLERES, CHARLAS, ATENCIONES Y TUTOR\u00cdAS PARES SE HAN DESARROLLADO EL PRIMER SEMESTRE 2022 DESDE PACE UMAG"},"content":{"rendered":"\n<p>Durante el\nprimer semestre se han desarrollado talleres, charlas, atenciones y tutor\u00edas\npares, realizados por los equipos de Preparaci\u00f3n en la Ense\u00f1anza Media (PEM) y\nde Acompa\u00f1amiento en la Educaci\u00f3n Superior (AES) del Programa de Acompa\u00f1amiento\ny Acceso Efectivo a la Educaci\u00f3n Superior (PACE). <\/p>\n\n\n\n<p>El equipo PEM se ha\ncentrado en realizar talleres acad\u00e9micos (lenguaje, matem\u00e1tica e ingl\u00e9s) y de\norientaci\u00f3n vocacional a todos los estudiantes de tercero y cuarto medio de los\nsiete liceos adheridos al programa en la regi\u00f3n de Magallanes, con el fin que\ndesarrollen competencias y habilidades transversales, cognitivas,\nintrapersonales e interpersonales, en modalidad presencial y online. <\/p>\n\n\n\n<p>Por su parte\nAES, equipo compuesto por profesionales y tutores que acompa\u00f1an a las\ngeneraciones PACE 2021 y 2022, siendo m\u00e1s de 40 los estudiantes intervenidos, a\ntrav\u00e9s de atenciones semanales enfocadas en apoyo psico-educativo y otras\nnecesidades que presenten los estudiantes. Tambi\u00e9n tutor\u00edas pares y talleres\ncomo \u201cD\u00eda de juegos de mesa\u201d, que busca estimular los procesos cognitivos a\ntrav\u00e9s del juego, \u201cTutores an\u00f3nimos\u201d, instancia para los tutores pares a participar\nde un momento de conversaci\u00f3n y reflexi\u00f3n y \u201cAprendamos sobre habilidades\nsociales\u201d, el cual entreg\u00f3 herramientas para fortalecer las capacidades de\nsocializaci\u00f3n de los estudiantes. <\/p>\n\n\n\n<p>Adem\u00e1s se llev\u00f3 a cabo una Jornada de reflexi\u00f3n con el\nequipo AES de la Universidad Cat\u00f3lica de la Sant\u00edsima Concepci\u00f3n (UCSC), la\ncual se centr\u00f3 en compartir e intercambiar experiencias psicoeducativas que\ngeneren desaf\u00edos e inspiren a crear acciones de mejora para los estudiantes\nPACE. <\/p>\n\n\n\n<p>Frente a esto, la Coordinadora Ejecutiva PACE UMAG, Dra.\nCarmen Paz Oval Soto, expres\u00f3 que \u201cel regreso a la\npresencialidad tanto a nivel de sistema escolar como de Educaci\u00f3n Superior\nimplic\u00f3 adecuaciones y flexibilidad en los diversos requerimientos. El Equipo\nPACE-UMAG ha realizado todos los esfuerzos posibles para llegar de mejor manera\na los estudiantes, quienes han mostrado inter\u00e9s y compromiso con el programa a\ntrav\u00e9s de su participaci\u00f3n. Aprovecho la oportunidad para instar a los\nestudiantes de 4to medio a inscribirse en la PAES, cuyo plazo vence el d\u00eda 10\nde agosto a las 13 horas. \u201d &nbsp;&nbsp;<\/p>\n","protected":false},"excerpt":{"rendered":"<p>Durante el primer semestre se han desarrollado talleres, charlas, atenciones y tutor\u00edas pares, realizados por los equipos de Preparaci\u00f3n en la Ense\u00f1anza Media (PEM) y de Acompa\u00f1amiento en la Educaci\u00f3n&#8230; <a class=\"read-more\" href=\"https:\/\/www.radiopresidenteibanez.cl\/web\/talleres-charlas-atenciones-y-tutorias-pares-se-han-desarrollado-el-primer-semestre-2022-desde-pace-umag\/\">Leer m\u00e1s<\/a><\/p>\n","protected":false},"author":2,"featured_media":31025,"comment_status":"closed","ping_status":"closed","sticky":false,"template":"","format":"standard","meta":{"footnotes":""},"categories":[1],"tags":[],"class_list":["post-31024","post","type-post","status-publish","format-standard","has-post-thumbnail","hentry","category-cronica"],"_links":{"self":[{"href":"https:\/\/www.radiopresidenteibanez.cl\/web\/wp-json\/wp\/v2\/posts\/31024","targetHints":{"allow":["GET"]}}],"collection":[{"href":"https:\/\/www.radiopresidenteibanez.cl\/web\/wp-json\/wp\/v2\/posts"}],"about":[{"href":"https:\/\/www.radiopresidenteibanez.cl\/web\/wp-json\/wp\/v2\/types\/post"}],"author":[{"embeddable":true,"href":"https:\/\/www.radiopresidenteibanez.cl\/web\/wp-json\/wp\/v2\/users\/2"}],"replies":[{"embeddable":true,"href":"https:\/\/www.radiopresidenteibanez.cl\/web\/wp-json\/wp\/v2\/comments?post=31024"}],"version-history":[{"count":0,"href":"https:\/\/www.radiopresidenteibanez.cl\/web\/wp-json\/wp\/v2\/posts\/31024\/revisions"}],"wp:featuredmedia":[{"embeddable":true,"href":"https:\/\/www.radiopresidenteibanez.cl\/web\/wp-json\/wp\/v2\/media\/31025"}],"wp:attachment":[{"href":"https:\/\/www.radiopresidenteibanez.cl\/web\/wp-json\/wp\/v2\/media?parent=31024"}],"wp:term":[{"taxonomy":"category","embeddable":true,"href":"https:\/\/www.radiopresidenteibanez.cl\/web\/wp-json\/wp\/v2\/categories?post=31024"},{"taxonomy":"post_tag","embeddable":true,"href":"https:\/\/www.radiopresidenteibanez.cl\/web\/wp-json\/wp\/v2\/tags?post=31024"}],"curies":[{"name":"wp","href":"https:\/\/api.w.org\/{rel}","templated":true}]}}