{"id":31018,"date":"2022-07-07T16:47:00","date_gmt":"2022-07-07T19:47:00","guid":{"rendered":"https:\/\/www.radiopresidenteibanez.cl\/web\/?p=31018"},"modified":"2022-07-07T16:14:28","modified_gmt":"2022-07-07T19:14:28","slug":"tips-integra-como-alimentar-saludablemente-a-ninas-y-ninos-durante-las-vacaciones-de-invierno","status":"publish","type":"post","link":"https:\/\/www.radiopresidenteibanez.cl\/web\/tips-integra-como-alimentar-saludablemente-a-ninas-y-ninos-durante-las-vacaciones-de-invierno\/","title":{"rendered":"Tips Integra: C\u00f3mo alimentar saludablemente a ni\u00f1as y ni\u00f1os durante las vacaciones de invierno"},"content":{"rendered":"\n<p>Junto con las vacaciones de\ninvierno, aumentan las enfermedades respiratorias, y para enfrentarlas es\nfundamental mantener una alimentaci\u00f3n saludable de ni\u00f1as y ni\u00f1os, que es la\nbase para lograr buenas defensas. Sin embargo, la tarea no es f\u00e1cil, debido a\nque, por lo general, este periodo se asocia con romper las rutinas y dietas\nalimenticias. <\/p>\n\n\n\n<p>Mar\u00eda Jos\u00e9 Stecher, nutricionista\ndel Departamento de Nutrici\u00f3n y Salud de Fundaci\u00f3n Integra, menciona que, para\ntener un tiempo de descanso en familia, donde las ni\u00f1as\/os no resulten\nafectados en su nutrici\u00f3n, los adultos podemos tomar en cuenta algunos consejos\npara poner en pr\u00e1ctica.<\/p>\n\n\n\n<p>De acuerdo con la profesional, el\ncolor de las verduras y frutas representa las distintas vitaminas y minerales\nque contienen, por ello se deber\u00edan incluir al menos tres colores de frutas y\nverduras al d\u00eda, as\u00ed lograr\u00e1n una mejor inmunidad para enfrentar las enfermedades\nrespiratorias de esta \u00e9poca.&nbsp; \u201cLas\nverduras pueden ir en ensaladas, guisos, sopas, crema o budines, mientras las\nfrutas son excelentes para una colaci\u00f3n de media ma\u00f1ana. Por otra parte, las\nfrutas c\u00edtricas como la naranja, mandarina y el kiwi son ricas en vitamina C, y\nconsumirlas frecuentemente permite tanto a adultos y a ni\u00f1as\/os tener\nresfriados m\u00e1s cortos y menos graves\u201d, explica.<\/p>\n\n\n\n<p>Y agrega: \u201cNi\u00f1as y ni\u00f1os deben\nbeber 5 \u00f3 6 vasos de agua al d\u00eda, para mantener su cuerpo hidratado y\nsaludable. En caso de que est\u00e9n resfriados o con tos, esto les ayudar\u00e1 a\neliminar las secreciones y controlar los s\u00edntomas que causan malestar. Ojal\u00e1\ncuenten con una botella que puedan ir llenando con agua varias veces al d\u00eda\u201d.<\/p>\n\n\n\n<p>La nutricionista recalca que para\ncombatir el fr\u00edo los ni\u00f1os y ni\u00f1as necesitan consumir platos que contengan\nl\u00edquidos calientes preparados en base a caldos o guisos y que adem\u00e1s tengan un\naporte importante de energ\u00eda como, por ejemplo, las legumbres. \u201cHay muchas\nformas de preparar y disfrutar las legumbres. Mezcladas con cereales como arroz\no fideos tienen un excelente aporte de prote\u00ednas que hacen que el cuerpo tenga\nmejores defensas para el invierno. La idea es consumirlas dos o tres veces por\nsemana\u201d.<\/p>\n","protected":false},"excerpt":{"rendered":"<p>Junto con las vacaciones de invierno, aumentan las enfermedades respiratorias, y para enfrentarlas es fundamental mantener una alimentaci\u00f3n saludable de ni\u00f1as y ni\u00f1os, que es la base para lograr buenas&#8230; <a class=\"read-more\" href=\"https:\/\/www.radiopresidenteibanez.cl\/web\/tips-integra-como-alimentar-saludablemente-a-ninas-y-ninos-durante-las-vacaciones-de-invierno\/\">Leer m\u00e1s<\/a><\/p>\n","protected":false},"author":2,"featured_media":31019,"comment_status":"closed","ping_status":"closed","sticky":false,"template":"","format":"standard","meta":{"footnotes":""},"categories":[1],"tags":[],"class_list":["post-31018","post","type-post","status-publish","format-standard","has-post-thumbnail","hentry","category-cronica"],"_links":{"self":[{"href":"https:\/\/www.radiopresidenteibanez.cl\/web\/wp-json\/wp\/v2\/posts\/31018","targetHints":{"allow":["GET"]}}],"collection":[{"href":"https:\/\/www.radiopresidenteibanez.cl\/web\/wp-json\/wp\/v2\/posts"}],"about":[{"href":"https:\/\/www.radiopresidenteibanez.cl\/web\/wp-json\/wp\/v2\/types\/post"}],"author":[{"embeddable":true,"href":"https:\/\/www.radiopresidenteibanez.cl\/web\/wp-json\/wp\/v2\/users\/2"}],"replies":[{"embeddable":true,"href":"https:\/\/www.radiopresidenteibanez.cl\/web\/wp-json\/wp\/v2\/comments?post=31018"}],"version-history":[{"count":0,"href":"https:\/\/www.radiopresidenteibanez.cl\/web\/wp-json\/wp\/v2\/posts\/31018\/revisions"}],"wp:featuredmedia":[{"embeddable":true,"href":"https:\/\/www.radiopresidenteibanez.cl\/web\/wp-json\/wp\/v2\/media\/31019"}],"wp:attachment":[{"href":"https:\/\/www.radiopresidenteibanez.cl\/web\/wp-json\/wp\/v2\/media?parent=31018"}],"wp:term":[{"taxonomy":"category","embeddable":true,"href":"https:\/\/www.radiopresidenteibanez.cl\/web\/wp-json\/wp\/v2\/categories?post=31018"},{"taxonomy":"post_tag","embeddable":true,"href":"https:\/\/www.radiopresidenteibanez.cl\/web\/wp-json\/wp\/v2\/tags?post=31018"}],"curies":[{"name":"wp","href":"https:\/\/api.w.org\/{rel}","templated":true}]}}