{"id":31015,"date":"2022-07-07T15:56:16","date_gmt":"2022-07-07T18:56:16","guid":{"rendered":"https:\/\/www.radiopresidenteibanez.cl\/web\/?p=31015"},"modified":"2022-07-07T15:56:24","modified_gmt":"2022-07-07T18:56:24","slug":"chile-y-honduras-fortalecen-alianza-de-transferencia-tecnologica-en-ganado-ovino","status":"publish","type":"post","link":"https:\/\/www.radiopresidenteibanez.cl\/web\/chile-y-honduras-fortalecen-alianza-de-transferencia-tecnologica-en-ganado-ovino\/","title":{"rendered":"Chile y Honduras fortalecen alianza  de transferencia tecnol\u00f3gica en ganado ovino"},"content":{"rendered":"\n<p>Motivados por aprender soluciones y alternativas productivas viables para implementar en Honduras, el Instituto de Investigaciones Agropecuarias (INIA) recibi\u00f3 la visita de una comitiva de especialistas del pa\u00eds centroamericano, entusiasmada por conocer la realidad de los peque\u00f1os productores ganaderos chilenos y las estrategias de transferencia tecnol\u00f3gica dise\u00f1adas en la materia.<\/p>\n\n\n\n<p>\u201cLa experiencia de Chile en gen\u00e9tica y sistemas de producci\u00f3n ganaderas es muy buena, y en Honduras hay muchas zonas con problemas de da\u00f1o clim\u00e1tico y la crianza de ganado ovino puede ser una alternativa para productores con pobreza. Nuestra expectativa es poder establecer las experiencias de INIA en nuestro pa\u00eds y podamos incrementar la poblaci\u00f3n ovina en nuestro pa\u00eds\u201d, se\u00f1al\u00f3 Santos Borj\u00fan, integrante de la comitiva visitante. <br>\nEsta colaboraci\u00f3n internacional entre Chile y Honduras responde al convenio Sur-Sur, cofinanciado por la Agencia Internacional de Desarrollo del Ministerio de Relaciones Exteriores de Chile (AGCID), y la Direcci\u00f3n de Ciencia y Tecnolog\u00eda Agropecuaria (DICTA) de Honduras. <br>\nLa comitiva visit\u00f3 el Centro Experimental INIA Hidango, ubicado en la comuna de Litueche, Regi\u00f3n del Libertador Bernardo O\u2019Higgins, coordinado por el veterinario Marcelo Quezada quien, adem\u00e1s, present\u00f3 los trabajos en manejo de pariciones ovinas, identificaci\u00f3n de corderos, ahijamiento, razas predominantes, ecograf\u00eda transabdominal y aversi\u00f3n inducida, entre otros. Tambi\u00e9n particip\u00f3 el agr\u00f3nomo Cristi\u00e1n Aguirre, en temas de forrajes y alimentaci\u00f3n. Asimismo, se realizaron visitas a productores ovinos y caprinos para conocer la realidad de productores peque\u00f1os y la forma de transferir la tecnolog\u00eda.<br>\nPosteriormente, el grupo se traslad\u00f3 a la Regi\u00f3n de Ays\u00e9n para visitar las instalaciones de INIA Tamel Aike, donde se est\u00e1n trabajando tem\u00e1ticas de reproducci\u00f3n en ovinos, inseminaci\u00f3n artificial, extracci\u00f3n de semen, manejo de semen, revisi\u00f3n de carneros y razas predominantes. All\u00ed tambi\u00e9n se llev\u00f3 a cabo una capacitaci\u00f3n en terreno, que estuvo a cargo de la veterinaria Marilyn Tapia, la especialista en t\u00e9cnicas reproductivas y manejo, Mar\u00eda Silva, y el investigador Christian Hepp, quien mostr\u00f3 alternativas de alimentaci\u00f3n invernal para el ganado. <\/p>\n\n\n\n<p>Noel Osorio, integrante de la comitiva DICTA, expres\u00f3 que espera a futuro un \u201cintercambio de proyectos entre ambos pa\u00edses e instituciones, para aumentar a\u00fan m\u00e1s el conocimiento en la cr\u00eda de ganado ovino\u201d. <\/p>\n\n\n\n<p>Cooperaci\u00f3n internacional<br>\nEl convenio Sur-Sur se constituy\u00f3 en 2019 con la visita de especialistas de INIA Chile a Honduras, con la finalidad de conocer la realidad de la producci\u00f3n ganadera y particularmente ovina de dicho pa\u00eds, viendo las \u00e1reas de inter\u00e9s y definir aquellas en que Chile podr\u00eda apoyar. En esta gira participaron Christian Hepp (coordinador del programa), Felipe Elizalde y Ra\u00fal Lira, de INIA Tamel Aike.<\/p>\n\n\n\n<p>Tras la visita, se defini\u00f3 la posibilidad de que t\u00e9cnicos hondure\u00f1os viajaran a Chile a capacitarse en diferentes temas ligados al rubro ovino, adem\u00e1s de explorar alternativas de material gen\u00e9tico para Honduras. Por la pandemia la gira se posterg\u00f3 y se pudo concretar en junio de 2022. <\/p>\n","protected":false},"excerpt":{"rendered":"<p>Motivados por aprender soluciones y alternativas productivas viables para implementar en Honduras, el Instituto de Investigaciones Agropecuarias (INIA) recibi\u00f3 la visita de una comitiva de especialistas del pa\u00eds centroamericano, entusiasmada&#8230; <a class=\"read-more\" href=\"https:\/\/www.radiopresidenteibanez.cl\/web\/chile-y-honduras-fortalecen-alianza-de-transferencia-tecnologica-en-ganado-ovino\/\">Leer m\u00e1s<\/a><\/p>\n","protected":false},"author":2,"featured_media":31016,"comment_status":"closed","ping_status":"closed","sticky":false,"template":"","format":"standard","meta":{"footnotes":""},"categories":[1],"tags":[],"class_list":["post-31015","post","type-post","status-publish","format-standard","has-post-thumbnail","hentry","category-cronica"],"_links":{"self":[{"href":"https:\/\/www.radiopresidenteibanez.cl\/web\/wp-json\/wp\/v2\/posts\/31015","targetHints":{"allow":["GET"]}}],"collection":[{"href":"https:\/\/www.radiopresidenteibanez.cl\/web\/wp-json\/wp\/v2\/posts"}],"about":[{"href":"https:\/\/www.radiopresidenteibanez.cl\/web\/wp-json\/wp\/v2\/types\/post"}],"author":[{"embeddable":true,"href":"https:\/\/www.radiopresidenteibanez.cl\/web\/wp-json\/wp\/v2\/users\/2"}],"replies":[{"embeddable":true,"href":"https:\/\/www.radiopresidenteibanez.cl\/web\/wp-json\/wp\/v2\/comments?post=31015"}],"version-history":[{"count":0,"href":"https:\/\/www.radiopresidenteibanez.cl\/web\/wp-json\/wp\/v2\/posts\/31015\/revisions"}],"wp:featuredmedia":[{"embeddable":true,"href":"https:\/\/www.radiopresidenteibanez.cl\/web\/wp-json\/wp\/v2\/media\/31016"}],"wp:attachment":[{"href":"https:\/\/www.radiopresidenteibanez.cl\/web\/wp-json\/wp\/v2\/media?parent=31015"}],"wp:term":[{"taxonomy":"category","embeddable":true,"href":"https:\/\/www.radiopresidenteibanez.cl\/web\/wp-json\/wp\/v2\/categories?post=31015"},{"taxonomy":"post_tag","embeddable":true,"href":"https:\/\/www.radiopresidenteibanez.cl\/web\/wp-json\/wp\/v2\/tags?post=31015"}],"curies":[{"name":"wp","href":"https:\/\/api.w.org\/{rel}","templated":true}]}}