{"id":30997,"date":"2022-07-06T20:26:41","date_gmt":"2022-07-06T23:26:41","guid":{"rendered":"https:\/\/www.radiopresidenteibanez.cl\/web\/?p=30997"},"modified":"2022-07-06T20:26:49","modified_gmt":"2022-07-06T23:26:49","slug":"onemi-realizara-prueba-de-alerta-de-emergencia-sae-este-jueves-07-de-julio","status":"publish","type":"post","link":"https:\/\/www.radiopresidenteibanez.cl\/web\/onemi-realizara-prueba-de-alerta-de-emergencia-sae-este-jueves-07-de-julio\/","title":{"rendered":"ONEMI REALIZAR\u00c1 PRUEBA DE ALERTA DE EMERGENCIA SAE ESTE JUEVES 07 DE JULIO"},"content":{"rendered":"\n<p>Durante el mes de julio Onemi, realizar\u00e1 las primeras pruebas de este a\u00f1o, del Sistema de Alerta de Emergencias, para celulares, SAE mecanismo, por medio de mensajes de texto, que informa y alerta eventuales sucesos de emergencia a vecinos y vecinas de distintas comunas del pa\u00eds.<br> El Sistema de Alerta de Emergencia consiste en mensajes de 90 caracteres que se activan en los tel\u00e9fonos celulares ante evacuaciones por siniestros, como incendios o tsunamis, que dir\u00e1n \u00abPrueba del Sistema de Alerta de Emergencia para (nombre de la comuna), (abreviaci\u00f3n de la regi\u00f3n)\u00bb.<br> El Director de Onemi regional, Juan Carlos Andrade, nos explica que \u201cEl SAE nos permitir\u00e1 alertar mediante un mensaje sonoro y de texto, informaci\u00f3n de emergencia, o evacuaci\u00f3n y en el caso de la comuna de Natales, ante tsunamis, erupciones volc\u00e1nicas y desbordes de cursos de agua. Y en el caso de Cabo de Hornos, ante aluviones, tsunamis o incendios forestales\u201d<br> En tanto la Delegada Presidencial Regional, Luz Berm\u00fadez Sandoval, manifest\u00f3 su conformidad con la prueba de emergencia, \u201cEn la eventualidad de una emergencia, este sistema nos permite entregar una respuesta oportuna. Por esa raz\u00f3n, realizar estas pruebas es fundamental para asegurar el alcance a todos los vecinos y vecinas de las comunas se\u00f1aladas, ma\u00f1ana en Cabo de Hornos y una semana despu\u00e9s, el d\u00eda 14, en Puerto Natales. Las personas son avisadas de manera simult\u00e1nea a trav\u00e9s de sus celulares, por lo que conocer el sonido de esta alerta es importante. Se\u00f1alar, que como esta es solo una prueba, las personas no deben ejecutar acci\u00f3n alguna\u201d  <br> El Director Andrade indic\u00f3 que es importante que todos y todas sepan que esta alerta solo llegar\u00e1 a aquellos tel\u00e9fonos que son compatibles y que esta alerta masiva se despacha autom\u00e1ticamente desde Onemi central hacia una zona georeferenciada para comprobar el funcionamiento, alcance y efectividad de este SAE.<br> Desde Onemi se ha informado que es bastante probable que tambi\u00e9n reciban el mensaje quienes est\u00e9n ubicados en las comunas vecinas a las zonas donde se realicen las pruebas. Si esto ocurriera, no es motivo de preocupaci\u00f3n, esto se debe porque el mensaje se env\u00eda a un pol\u00edgono cercano a su ubicaci\u00f3n geogr\u00e1fica.<br> M\u00e1s informaci\u00f3n en el sitio de ONEMI www.onemi.cl donde adem\u00e1s pueden registrar la no recepci\u00f3n del mensaje de prueba, informaci\u00f3n que tambi\u00e9n se puede hacer llegar a las distintas compa\u00f1\u00edas telef\u00f3nicas en sus respectivas p\u00e1ginas web.<\/p>\n","protected":false},"excerpt":{"rendered":"<p>Durante el mes de julio Onemi, realizar\u00e1 las primeras pruebas de este a\u00f1o, del Sistema de Alerta de Emergencias, para celulares, SAE mecanismo, por medio de mensajes de texto, que&#8230; <a class=\"read-more\" href=\"https:\/\/www.radiopresidenteibanez.cl\/web\/onemi-realizara-prueba-de-alerta-de-emergencia-sae-este-jueves-07-de-julio\/\">Leer m\u00e1s<\/a><\/p>\n","protected":false},"author":2,"featured_media":30998,"comment_status":"closed","ping_status":"closed","sticky":false,"template":"","format":"standard","meta":{"footnotes":""},"categories":[1],"tags":[],"class_list":["post-30997","post","type-post","status-publish","format-standard","has-post-thumbnail","hentry","category-cronica"],"_links":{"self":[{"href":"https:\/\/www.radiopresidenteibanez.cl\/web\/wp-json\/wp\/v2\/posts\/30997","targetHints":{"allow":["GET"]}}],"collection":[{"href":"https:\/\/www.radiopresidenteibanez.cl\/web\/wp-json\/wp\/v2\/posts"}],"about":[{"href":"https:\/\/www.radiopresidenteibanez.cl\/web\/wp-json\/wp\/v2\/types\/post"}],"author":[{"embeddable":true,"href":"https:\/\/www.radiopresidenteibanez.cl\/web\/wp-json\/wp\/v2\/users\/2"}],"replies":[{"embeddable":true,"href":"https:\/\/www.radiopresidenteibanez.cl\/web\/wp-json\/wp\/v2\/comments?post=30997"}],"version-history":[{"count":0,"href":"https:\/\/www.radiopresidenteibanez.cl\/web\/wp-json\/wp\/v2\/posts\/30997\/revisions"}],"wp:featuredmedia":[{"embeddable":true,"href":"https:\/\/www.radiopresidenteibanez.cl\/web\/wp-json\/wp\/v2\/media\/30998"}],"wp:attachment":[{"href":"https:\/\/www.radiopresidenteibanez.cl\/web\/wp-json\/wp\/v2\/media?parent=30997"}],"wp:term":[{"taxonomy":"category","embeddable":true,"href":"https:\/\/www.radiopresidenteibanez.cl\/web\/wp-json\/wp\/v2\/categories?post=30997"},{"taxonomy":"post_tag","embeddable":true,"href":"https:\/\/www.radiopresidenteibanez.cl\/web\/wp-json\/wp\/v2\/tags?post=30997"}],"curies":[{"name":"wp","href":"https:\/\/api.w.org\/{rel}","templated":true}]}}