{"id":30990,"date":"2022-07-06T17:47:00","date_gmt":"2022-07-06T20:47:00","guid":{"rendered":"https:\/\/www.radiopresidenteibanez.cl\/web\/?p=30990"},"modified":"2022-07-06T16:07:53","modified_gmt":"2022-07-06T19:07:53","slug":"serviu-coordina-la-primera-mesa-de-trabajo-para-abordar-abordar-la-tematica-de-campamentos-en-magallanes","status":"publish","type":"post","link":"https:\/\/www.radiopresidenteibanez.cl\/web\/serviu-coordina-la-primera-mesa-de-trabajo-para-abordar-abordar-la-tematica-de-campamentos-en-magallanes\/","title":{"rendered":"SERVIU COORDINA LA PRIMERA MESA DE TRABAJO PARA ABORDAR ABORDAR LA TEMATICA DE CAMPAMENTOS EN MAGALLANES"},"content":{"rendered":"\n<p>En el marco del trabajo del Programa de Asentamientos Precarios del\nMinisterio de Vivienda y Urbanismo (Minvu), en vista del significativo aumento\nde campamentos en los \u00faltimos a\u00f1os y la diversidad de las problem\u00e1ticas que\nafectan a estos hogares, es necesario generar una forma de trabajo colaborativa\ne integral con otros servicios del Estado. Por ello, se realizan estas mesas de\ntrabajo regionales, coordinadas y lideraras por los equipos de campamentos\nServiu.<\/p>\n\n\n\n<p>La instalaci\u00f3n de las mesas t\u00e9cnicas regionales se enmarca en la\nejecuci\u00f3n del Plan de Acci\u00f3n Social y Comunitario (PASYC), l\u00ednea de trabajo del\nPrograma de Campamentos del Minvu, mediante la cual, el 2021, se trabaj\u00f3 en el\ndiagn\u00f3stico socio territorial en 292 campamentos con 14.551 hogares\nrespectivamente, cuyos resultados corresponden a la Fase II de este Plan\n(elaboraci\u00f3n de diagn\u00f3stico socio territorial\/definici\u00f3n de estrategia y Dise\u00f1o\nde Plan de acci\u00f3n). El objetivo es poder contar con todos los elementos, tanto cuantitativos\ncomo cualitativos, que faciliten el dise\u00f1o de un plan de acci\u00f3n multisectorial\nque responda a las necesidades diagnosticadas en cada territorio.&nbsp; <\/p>\n\n\n\n<p>Es en este contexto que se coordina la primera Mesa de trabajo en la\nregi\u00f3n de Magallanes. Los objetivos fueron que todas las instituciones\nasistentes conocieran el Programa Asentamientos Precarios del Minvu y, junto\ncon ello, la labor que realizan en la regi\u00f3n. El fin de esta instancia es\ndise\u00f1ar el Plan de gesti\u00f3n multisectorial en base a dimensiones como:\nhabitabilidad, integraci\u00f3n social y pobreza multidimensional. Actualmente, en\nMagallanes existen dos Campamentos, Lautaro y Villa las Etnias, los tienen una\ndata de aproximadamente de seis y cinco a\u00f1os respectivamente. Ambos\nasentamientos tienen un total de 157 hogares, Lautaro 59 y Villa Las Etnias 98,\nseg\u00fan catastro MINVU.<\/p>\n\n\n\n<p>Es importante destacar el compromiso de las instituciones, las que, en\nsu mayor\u00eda, ya ten\u00edan v\u00ednculos con los asentamientos de Magallanes, entregando\nservicios y realizando trabajos con las familias de los territorios. Por eso la\nprimera sesi\u00f3n tuvo una excelente convocatoria donde asistieron: el Seremi de\nVivienda y Urbanismo de la regi\u00f3n Marco Uribe, el Director (s) Serviu, Omar\nGonz\u00e1lez, el Director Fosis, Felipe Jeria, Directora de Sernameg Fabiola Garcia\nDirectora Sence (s) Maribel M\u00e1rquez, la Director del Jard\u00edn Infantil, Juan Ruiz\nMancilla , Paola Caneleo, junto con ellos representantes de la Seremi de Salud,\ndel Gobierno Regional de Magallanes, Carabineros, Bomberos, Junji, CECOSF,\nPastoral de Migraci\u00f3n del Obispado, Cuadrilla Sanitaria Minsal, Fundaci\u00f3n Chay\nAustral y Fundaci\u00f3n Superaci\u00f3n del Pobreza (FUSUPO).<\/p>\n\n\n\n<p>Durante la sesi\u00f3n, se establecieron acciones en las l\u00edneas de educaci\u00f3n,\nseguridad, capacitaciones, talleres y orientaciones con respecto a diferentes\ntr\u00e1mites que las familias necesitan aplicar en el diario vivir. <\/p>\n\n\n\n<p>Para la coordinadora de la Fundaci\u00f3n Chay Austral, Gabriela Sandoval\n\u201cestamos como equipo muy contentos y conformes con la asistencia, las\ninstituciones fueron con motivaci\u00f3n y compromiso, eso nos empuja a seguir\ntrabajando por la comunidad, ya que muchas veces se sienten excluidos tanto en\nlo social como en la seguridad\u201d.<\/p>\n\n\n\n<p>\u201cLa Mesa T\u00e9cnica me pareci\u00f3 una actividad provechosa, ya que se pudo\ncompartir con distintas instituciones, las cuales participaron de esta y\ntambi\u00e9n se establecieron los lazos para la realizaci\u00f3n del trabajo en conjunto,\nque apoyar\u00e1 el acompa\u00f1amiento de las familias de campamento, de forma de\nencaminarlos completamente en el recorrido para la vivienda definitiva\u201d, afirm\u00f3\nel Seremi de Vivienda de Magallanes, Marco Uribe.<\/p>\n\n\n\n<p>Al cierre de la sesi\u00f3n, se acord\u00f3 compromisos para generar reuniones con\ncada uno de las instituciones asistentes, para establecer objetivos y acciones concretas\npara llevar a cabo en los territorios durante este mes de julio.<\/p>\n","protected":false},"excerpt":{"rendered":"<p>En el marco del trabajo del Programa de Asentamientos Precarios del Ministerio de Vivienda y Urbanismo (Minvu), en vista del significativo aumento de campamentos en los \u00faltimos a\u00f1os y la&#8230; <a class=\"read-more\" href=\"https:\/\/www.radiopresidenteibanez.cl\/web\/serviu-coordina-la-primera-mesa-de-trabajo-para-abordar-abordar-la-tematica-de-campamentos-en-magallanes\/\">Leer m\u00e1s<\/a><\/p>\n","protected":false},"author":2,"featured_media":30991,"comment_status":"closed","ping_status":"closed","sticky":false,"template":"","format":"standard","meta":{"footnotes":""},"categories":[1],"tags":[],"class_list":["post-30990","post","type-post","status-publish","format-standard","has-post-thumbnail","hentry","category-cronica"],"_links":{"self":[{"href":"https:\/\/www.radiopresidenteibanez.cl\/web\/wp-json\/wp\/v2\/posts\/30990","targetHints":{"allow":["GET"]}}],"collection":[{"href":"https:\/\/www.radiopresidenteibanez.cl\/web\/wp-json\/wp\/v2\/posts"}],"about":[{"href":"https:\/\/www.radiopresidenteibanez.cl\/web\/wp-json\/wp\/v2\/types\/post"}],"author":[{"embeddable":true,"href":"https:\/\/www.radiopresidenteibanez.cl\/web\/wp-json\/wp\/v2\/users\/2"}],"replies":[{"embeddable":true,"href":"https:\/\/www.radiopresidenteibanez.cl\/web\/wp-json\/wp\/v2\/comments?post=30990"}],"version-history":[{"count":0,"href":"https:\/\/www.radiopresidenteibanez.cl\/web\/wp-json\/wp\/v2\/posts\/30990\/revisions"}],"wp:featuredmedia":[{"embeddable":true,"href":"https:\/\/www.radiopresidenteibanez.cl\/web\/wp-json\/wp\/v2\/media\/30991"}],"wp:attachment":[{"href":"https:\/\/www.radiopresidenteibanez.cl\/web\/wp-json\/wp\/v2\/media?parent=30990"}],"wp:term":[{"taxonomy":"category","embeddable":true,"href":"https:\/\/www.radiopresidenteibanez.cl\/web\/wp-json\/wp\/v2\/categories?post=30990"},{"taxonomy":"post_tag","embeddable":true,"href":"https:\/\/www.radiopresidenteibanez.cl\/web\/wp-json\/wp\/v2\/tags?post=30990"}],"curies":[{"name":"wp","href":"https:\/\/api.w.org\/{rel}","templated":true}]}}