{"id":30954,"date":"2022-07-05T12:23:00","date_gmt":"2022-07-05T15:23:00","guid":{"rendered":"https:\/\/www.radiopresidenteibanez.cl\/web\/?p=30954"},"modified":"2022-07-05T11:33:30","modified_gmt":"2022-07-05T14:33:30","slug":"camara-chilena-de-la-construccion-conocio-proyectos-municipales-para-el-segundo-semestre-2022","status":"publish","type":"post","link":"https:\/\/www.radiopresidenteibanez.cl\/web\/camara-chilena-de-la-construccion-conocio-proyectos-municipales-para-el-segundo-semestre-2022\/","title":{"rendered":"CAMARA CHILENA DE LA CONSTRUCCION CONOCIO PROYECTOS MUNICIPALES PARA EL SEGUNDO SEMESTRE 2022"},"content":{"rendered":"\n<p>El Comit\u00e9 de Infraestructura y Vivienda de la C\u00e1mara Chilena de la Construcci\u00f3n Punta Arenas se reuni\u00f3 con el Director de la Secretar\u00eda de Planificaci\u00f3n de la Ilustre Municipalidad de Punta Arenas, \u00c1lvaro Guzm\u00e1n.<\/p>\n\n\n\n<p>En el auditorio de la sede regional, socios y socias de la C\u00e1mara conocieron en detalle la cartera de proyectos municipales para el segundo semestre 2022, incluyendo los proyectos por licitar de distintas fuentes de financiamiento, como el Fondo Nacional de Desarrollo Regional (FNDR), Fondo Regional de Iniciativa Local del Gobierno Regional (FRIL) y Subdere.<\/p>\n\n\n\n<p>\u201cTenemos una cartera bastante interesante de corto plazo, y as\u00ed tambi\u00e9n de mediano y largo plazo, y las preocupaciones est\u00e1n en la l\u00ednea de actualizaci\u00f3n de precios, para que todos los proyectos que se presenten reflejen la compleja realidad del mercado: es dif\u00edcil tratar de anticiparse o mantener los precios de mercado por la volatilidad que se observa. A\u00fan as\u00ed, en general, los proyectos del Municipio est\u00e1n presentados bajo esa l\u00f3gica y esperamos que para los socios de la C\u00e1mara sea interesante poder participar de esta cartera de proyectos\u201d, declar\u00f3 \u00c1lvaro Guzm\u00e1n, director de la Secplan de Punta Arenas.<\/p>\n\n\n\n<p>Adem\u00e1s, Guzm\u00e1n inform\u00f3 sobre el estado de avance de varios proyectos, como el Edificio Consistorial, la Remodelaci\u00f3n del Edificio Municipal, el Palacio Montes, la Piscina Ol\u00edmpica, entre otros, y destac\u00f3 varias iniciativas como el mejoramiento de veredas y soterrado de avenidas principales.<\/p>\n\n\n\n<p>En materia de planificaci\u00f3n urbana, Guzm\u00e1n revel\u00f3 que la propuesta municipal para 2030-2050, a trav\u00e9s de la Mesa de Trabajo Territorial, es aumentar el l\u00edmite urbano en 4.000 hect\u00e1reas para 2050 y crear un gran Parque Urbano de Punta Arenas, entre otras.<\/p>\n\n\n\n<p>Finalmente, asegur\u00f3 que el Municipio se encuentra trabajando en resolver el conflicto de las zonas consideradas inundables en el Plan Regulador Comunal (PRC), en licitar prontamente la actualizaci\u00f3n general del PRC, y en el desarrollo de un Plan Regulador Intercomunal para Magallanes que permita regular el crecimiento planificado de la comuna.<\/p>\n","protected":false},"excerpt":{"rendered":"<p>El Comit\u00e9 de Infraestructura y Vivienda de la C\u00e1mara Chilena de la Construcci\u00f3n Punta Arenas se reuni\u00f3 con el Director de la Secretar\u00eda de Planificaci\u00f3n de la Ilustre Municipalidad de&#8230; <a class=\"read-more\" href=\"https:\/\/www.radiopresidenteibanez.cl\/web\/camara-chilena-de-la-construccion-conocio-proyectos-municipales-para-el-segundo-semestre-2022\/\">Leer m\u00e1s<\/a><\/p>\n","protected":false},"author":2,"featured_media":30955,"comment_status":"closed","ping_status":"closed","sticky":false,"template":"","format":"standard","meta":{"footnotes":""},"categories":[1],"tags":[],"class_list":["post-30954","post","type-post","status-publish","format-standard","has-post-thumbnail","hentry","category-cronica"],"_links":{"self":[{"href":"https:\/\/www.radiopresidenteibanez.cl\/web\/wp-json\/wp\/v2\/posts\/30954","targetHints":{"allow":["GET"]}}],"collection":[{"href":"https:\/\/www.radiopresidenteibanez.cl\/web\/wp-json\/wp\/v2\/posts"}],"about":[{"href":"https:\/\/www.radiopresidenteibanez.cl\/web\/wp-json\/wp\/v2\/types\/post"}],"author":[{"embeddable":true,"href":"https:\/\/www.radiopresidenteibanez.cl\/web\/wp-json\/wp\/v2\/users\/2"}],"replies":[{"embeddable":true,"href":"https:\/\/www.radiopresidenteibanez.cl\/web\/wp-json\/wp\/v2\/comments?post=30954"}],"version-history":[{"count":0,"href":"https:\/\/www.radiopresidenteibanez.cl\/web\/wp-json\/wp\/v2\/posts\/30954\/revisions"}],"wp:featuredmedia":[{"embeddable":true,"href":"https:\/\/www.radiopresidenteibanez.cl\/web\/wp-json\/wp\/v2\/media\/30955"}],"wp:attachment":[{"href":"https:\/\/www.radiopresidenteibanez.cl\/web\/wp-json\/wp\/v2\/media?parent=30954"}],"wp:term":[{"taxonomy":"category","embeddable":true,"href":"https:\/\/www.radiopresidenteibanez.cl\/web\/wp-json\/wp\/v2\/categories?post=30954"},{"taxonomy":"post_tag","embeddable":true,"href":"https:\/\/www.radiopresidenteibanez.cl\/web\/wp-json\/wp\/v2\/tags?post=30954"}],"curies":[{"name":"wp","href":"https:\/\/api.w.org\/{rel}","templated":true}]}}