{"id":30941,"date":"2022-07-05T09:28:00","date_gmt":"2022-07-05T12:28:00","guid":{"rendered":"https:\/\/www.radiopresidenteibanez.cl\/web\/?p=30941"},"modified":"2022-07-05T08:32:03","modified_gmt":"2022-07-05T11:32:03","slug":"seremi-minvu-y-serviu-se-reunen-con-agrupaciones-en-proceso-de-postulacion-a-subsidios-habitacionales","status":"publish","type":"post","link":"https:\/\/www.radiopresidenteibanez.cl\/web\/seremi-minvu-y-serviu-se-reunen-con-agrupaciones-en-proceso-de-postulacion-a-subsidios-habitacionales\/","title":{"rendered":"SEREMI MINVU y SERVIU SE REUNEN CON AGRUPACIONES EN PROCESO DE POSTULACION A SUBSIDIOS HABITACIONALES"},"content":{"rendered":"\n<p>El Ministerio de Vivienda y Urbanismo est\u00e1 en proceso final de revisi\u00f3n\nde proyectos habitacionales que postularon al Llamado en condiciones especiales\npara otorgamiento de subsidios DS49, en la alternativa de postulaci\u00f3n colectiva\nde construcci\u00f3n en nuevos terrenos en las regiones de Arica, Tarapac\u00e1,\nAntofagasta, Atacama, Ays\u00e9n y Magallanes. <\/p>\n\n\n\n<p>En Punta Arenas, 678 familias est\u00e1n a la espera de dichos resultados, ya\nque forman parte de los seis proyectos habitacionales ingresados a la primera\nselecci\u00f3n del Llamado. Se trata de Lomas del Bosque 2, 3 y 5, desarrollados por\nla entidad Patrocinante Salfa Austral y los proyectos Valle Los Sauces 5, 4, 7\ny 8 postulados por la entidad Patrocinante Ebco.<\/p>\n\n\n\n<p>En el marco de este proceso, las autoridades regionales del Minvu se han\nreunido con dirigentes de las agrupaciones que postulan por segunda vez: Way\nWen, Suyai Kaweskar y Alto Calafate, para explicarles en qu\u00e9 consiste la\nevaluaci\u00f3n que realiza el Ministerio para seleccionar un proyecto y los\nprocesos que se deben llevar adelante una vez que resulten seleccionados y se\notorgan los subsidios.<\/p>\n\n\n\n<p>El seremi Marco Uribe se refiri\u00f3 a la reuni\u00f3n sostenida con la\nagrupaci\u00f3n Way Wen y diversas directivas que han acudido en busca de\norientaci\u00f3n \u201cAl iniciar nuestra gesti\u00f3n nos percatamos que anteriormente las\nagrupaciones de vivienda hab\u00edan recibido informaci\u00f3n confusa desde canales no\noficiales, acerca de los procesos de postulaci\u00f3n colectiva, criterios de\nselecci\u00f3n y plazos, por eso hemos recibido en audiencias y gestionado reuniones\ninformativas con directivas de las agrupaciones de vivienda cuyos proyectos\nhabitacionales fueron desarrollados por las entidades patrocinantes Salfa\nAustral y Ebco y que ingresaron a postulaci\u00f3n de subsidios en mayo de este a\u00f1o.\nA todas las directivas hemos reiterado que los canales autorizados de\ninformaci\u00f3n son sus respectivas entidades patrocinantes, as\u00ed como esta Seremi y\nel Serviu Regional, donde siempre encontrar\u00e1n las puertas abiertas\u201d.<\/p>\n\n\n\n<p>En tanto, el director regional (s) de Serviu Omar Gonz\u00e1lez, junto a la entidad\npatrocinante Salfa, se reuni\u00f3 con las directivas de las agrupaciones Alto\nCalafate y Suyai Kaw\u00e9skar, instancia en que les se\u00f1al\u00f3 que al igual que las\nfamilias, el Servicio est\u00e1 a la espera de la primera selecci\u00f3n del a\u00f1o. Adem\u00e1s,\nles explic\u00f3 lo que viene una vez que las agrupaciones reciben los subsidios\npara la obtenci\u00f3n viviendas sin deuda: \u201cPosterior a la selecci\u00f3n y entrega de\nsubsidios, la entidad patrocinante y la constructora deben realizar una serie\nde tr\u00e1mites con el fin de obtener el permiso de edificaci\u00f3n para el inicio de\nlas obras, entre estos, la inscripci\u00f3n de los terrenos, afinar convenios con\nempresas de servicios, aprobaci\u00f3n de estudios de tr\u00e1nsito, hidr\u00e1ulicos o\nimpacto ambiental, en caso de ser necesario. Mientras que a nosotros nos\ncorresponde gestionar el cofinanciamiento del Gobierno Regional\u201d.<\/p>\n\n\n\n<p>Posterior a la reuni\u00f3n, la presidenta de agrupaci\u00f3n Alto Calafate,\nCristina Molina manifest\u00f3 \u201cquedamos s\u00faper claros. Fue una reuni\u00f3n directa, a\nlos puntos espec\u00edficos que nosotros ten\u00edamos dudas desde hace varios meses.\nAhora quedamos conformes y tranquilos, para transmitirle la informaci\u00f3n a los\nsocios de la Agrupaci\u00f3n\u201d. <\/p>\n\n\n\n<p>La dirigenta agreg\u00f3 que \u201cnuestras principales dudas era saber los\ntiempos, cu\u00e1nto se va a tardar el proceso de lo que viene en cada etapa, desde\nahora que estamos postulando y luego si nuestro proyecto es seleccionado.\nPorque a la gente lo que m\u00e1s le angustia es el tiempo que va pasando, no saber\nqu\u00e9 es lo que viene, el tiempo que dura todo lo que tiene que hacer la entidad\npatrocinante, antes que la constructora empiece a construir las casas\u201d, se\u00f1al\u00f3\nla representante de 47 familias que postulan a subsidios del Fondo Solidario de\nElecci\u00f3n de Vivienda, con el proyecto habitacional Lomas del Bosque 5,\nejecutado por la entidad patrocinante Salfa Austral.<\/p>\n\n\n\n<p>Cabe se\u00f1alar que el Programa Fondo Solidario de Elecci\u00f3n de Vivienda\ncolectivo, estipula que, en cada proceso de postulaci\u00f3n, los proyectos son\nevaluados desde el punto de vista constructivo, jur\u00eddico, econ\u00f3mico y social,\ncon criterios tales como n\u00facleo familiar de los postulantes, condiciones de\nhabitabilidad y antig\u00fcedad por postulaci\u00f3n. A estos factores se pueden sumar\notros establecidos por Resoluci\u00f3n, como, por ejemplo, hacinamiento y\nallegamiento.<\/p>\n\n\n\n<p>Las autoridades esperan que prontamente, desde el Ministerio se realice\nla selecci\u00f3n de proyectos, para entregar\u00e1n noticias a estas familias. De igual\nmanera se\u00f1alaron que se realizar\u00e1n tambi\u00e9n reuniones t\u00e9cnicas con las\ndirectivas de las dem\u00e1s agrupaciones que se encuentran ingresadas en el sistema\nMinvu Conecta, de manera de informarles los requisitos del Programa Fondo\nSolidario de Elecci\u00f3n de Vivienda y guiarlas con claridad en el proceso de\npostulaci\u00f3n.<\/p>\n","protected":false},"excerpt":{"rendered":"<p>El Ministerio de Vivienda y Urbanismo est\u00e1 en proceso final de revisi\u00f3n de proyectos habitacionales que postularon al Llamado en condiciones especiales para otorgamiento de subsidios DS49, en la alternativa&#8230; <a class=\"read-more\" href=\"https:\/\/www.radiopresidenteibanez.cl\/web\/seremi-minvu-y-serviu-se-reunen-con-agrupaciones-en-proceso-de-postulacion-a-subsidios-habitacionales\/\">Leer m\u00e1s<\/a><\/p>\n","protected":false},"author":2,"featured_media":30942,"comment_status":"closed","ping_status":"closed","sticky":false,"template":"","format":"standard","meta":{"footnotes":""},"categories":[1],"tags":[],"class_list":["post-30941","post","type-post","status-publish","format-standard","has-post-thumbnail","hentry","category-cronica"],"_links":{"self":[{"href":"https:\/\/www.radiopresidenteibanez.cl\/web\/wp-json\/wp\/v2\/posts\/30941","targetHints":{"allow":["GET"]}}],"collection":[{"href":"https:\/\/www.radiopresidenteibanez.cl\/web\/wp-json\/wp\/v2\/posts"}],"about":[{"href":"https:\/\/www.radiopresidenteibanez.cl\/web\/wp-json\/wp\/v2\/types\/post"}],"author":[{"embeddable":true,"href":"https:\/\/www.radiopresidenteibanez.cl\/web\/wp-json\/wp\/v2\/users\/2"}],"replies":[{"embeddable":true,"href":"https:\/\/www.radiopresidenteibanez.cl\/web\/wp-json\/wp\/v2\/comments?post=30941"}],"version-history":[{"count":0,"href":"https:\/\/www.radiopresidenteibanez.cl\/web\/wp-json\/wp\/v2\/posts\/30941\/revisions"}],"wp:featuredmedia":[{"embeddable":true,"href":"https:\/\/www.radiopresidenteibanez.cl\/web\/wp-json\/wp\/v2\/media\/30942"}],"wp:attachment":[{"href":"https:\/\/www.radiopresidenteibanez.cl\/web\/wp-json\/wp\/v2\/media?parent=30941"}],"wp:term":[{"taxonomy":"category","embeddable":true,"href":"https:\/\/www.radiopresidenteibanez.cl\/web\/wp-json\/wp\/v2\/categories?post=30941"},{"taxonomy":"post_tag","embeddable":true,"href":"https:\/\/www.radiopresidenteibanez.cl\/web\/wp-json\/wp\/v2\/tags?post=30941"}],"curies":[{"name":"wp","href":"https:\/\/api.w.org\/{rel}","templated":true}]}}