{"id":30935,"date":"2022-07-04T18:53:00","date_gmt":"2022-07-04T21:53:00","guid":{"rendered":"https:\/\/www.radiopresidenteibanez.cl\/web\/?p=30935"},"modified":"2022-07-04T16:43:05","modified_gmt":"2022-07-04T19:43:05","slug":"hoja-de-ruta-en-ciencia-y-tecnologia-avanza-con-aportes-de-las-comunidades-de-aysen-y-magallanes","status":"publish","type":"post","link":"https:\/\/www.radiopresidenteibanez.cl\/web\/hoja-de-ruta-en-ciencia-y-tecnologia-avanza-con-aportes-de-las-comunidades-de-aysen-y-magallanes\/","title":{"rendered":"Hoja de Ruta en Ciencia y Tecnolog\u00eda avanza con aportes de las            comunidades de Ays\u00e9n y Magallanes"},"content":{"rendered":"\n<p>Con la premisa que la Hoja de Ruta (HDR) es de todos los habitantes de las regiones de\nAys\u00e9n y Magallanes y la Ant\u00e1rtica Chilena, se realiz\u00f3 una fruct\u00edfera jornada ampliada\ndel Comit\u00e9 de Coordinaci\u00f3n Macrozonal, instancia en la que se identificaron\nnuevos \u00e1mbitos y potenciales iniciativas que permitir\u00e1n fortalecer los\nprogramas de ciencia, tecnolog\u00eda, conocimiento e innovaci\u00f3n que hasta ahora ha recogido\nla HDR, instrumento construido de manera participativa y que permitir\u00e1 contar\ncon una cartera de programas y proyectos para la planificaci\u00f3n macrozonal en\nmateria de CTCI hacia el a\u00f1o 2030.<\/p>\n\n\n\n<p>De esta manera, se propusieron\najustes a la Hoja de Ruta para ampliar \u00e1reas tales como salud, educaci\u00f3n,\nmigraci\u00f3n, energ\u00eda, pesca, entre otras. En este sentido, el\ndirector del proyecto e investigador de la Universidad de Magallanes, Dr. Juan\nCarlos Aravena, destac\u00f3 la gran convocatoria de la jornada y la participaci\u00f3n\nde nuevos actores relevantes, quienes contribuyeron al di\u00e1logo y desarrollo del\ntaller. Adem\u00e1s, se\u00f1al\u00f3 que esta actividad \u201creafirma la tradici\u00f3n y la\ncultura participativa del proyecto, permiti\u00e9ndonos obtener un resultado cada\nvez m\u00e1s validado por la comunidad de nuestra macrozona\u201d.<\/p>\n\n\n\n<p>Como cada mes, el\nComit\u00e9 de Coordinaci\u00f3n Macrozonal -esta vez en su versi\u00f3n ampliada- cont\u00f3 con\nla participaci\u00f3n activa de la Seremi de Ciencia de la Macrozona Austral,\nVer\u00f3nica Vallejos. Durante la jornada, la autoridad birregional coment\u00f3: \u201cen primer lugar, quiero felicitar al equipo del\nNodo por el avance mostrado, que ha sido bastante sustantivo, conllevando\nmuch\u00edsimo trabajo. Ahora queda m\u00e1s trabajo todav\u00eda por hacer, considerando todo\nlo que han planteado los asistentes en este taller, lo que permitir\u00e1 dar un\nmayor realce al Nodo. Pongo toda la disposici\u00f3n y disponibilidad de esta Seremi\npara seguir apoyando el trabajo que realiza Nodo Ciencia Austral\u201d. Tras el \u00e9xito de la jornada, tal como asever\u00f3 la Seremi, comienza\nun arduo trabajo de sistematizaci\u00f3n de los resultados obtenidos, que ser\u00e1n\nincorporados en la Hoja de Ruta. Pr\u00f3ximamente, se convocar\u00e1 a nuevos talleres\npara continuar nutriendo este instrumento, que permitir\u00e1 fortalecer el\necosistema cient\u00edfico-tecnol\u00f3gico a trav\u00e9s de procesos participativos con las\ncomunidades de las regiones australes. <\/p>\n","protected":false},"excerpt":{"rendered":"<p>Con la premisa que la Hoja de Ruta (HDR) es de todos los habitantes de las regiones de Ays\u00e9n y Magallanes y la Ant\u00e1rtica Chilena, se realiz\u00f3 una fruct\u00edfera jornada&#8230; <a class=\"read-more\" href=\"https:\/\/www.radiopresidenteibanez.cl\/web\/hoja-de-ruta-en-ciencia-y-tecnologia-avanza-con-aportes-de-las-comunidades-de-aysen-y-magallanes\/\">Leer m\u00e1s<\/a><\/p>\n","protected":false},"author":2,"featured_media":30936,"comment_status":"closed","ping_status":"closed","sticky":false,"template":"","format":"standard","meta":{"footnotes":""},"categories":[1],"tags":[],"class_list":["post-30935","post","type-post","status-publish","format-standard","has-post-thumbnail","hentry","category-cronica"],"_links":{"self":[{"href":"https:\/\/www.radiopresidenteibanez.cl\/web\/wp-json\/wp\/v2\/posts\/30935","targetHints":{"allow":["GET"]}}],"collection":[{"href":"https:\/\/www.radiopresidenteibanez.cl\/web\/wp-json\/wp\/v2\/posts"}],"about":[{"href":"https:\/\/www.radiopresidenteibanez.cl\/web\/wp-json\/wp\/v2\/types\/post"}],"author":[{"embeddable":true,"href":"https:\/\/www.radiopresidenteibanez.cl\/web\/wp-json\/wp\/v2\/users\/2"}],"replies":[{"embeddable":true,"href":"https:\/\/www.radiopresidenteibanez.cl\/web\/wp-json\/wp\/v2\/comments?post=30935"}],"version-history":[{"count":0,"href":"https:\/\/www.radiopresidenteibanez.cl\/web\/wp-json\/wp\/v2\/posts\/30935\/revisions"}],"wp:featuredmedia":[{"embeddable":true,"href":"https:\/\/www.radiopresidenteibanez.cl\/web\/wp-json\/wp\/v2\/media\/30936"}],"wp:attachment":[{"href":"https:\/\/www.radiopresidenteibanez.cl\/web\/wp-json\/wp\/v2\/media?parent=30935"}],"wp:term":[{"taxonomy":"category","embeddable":true,"href":"https:\/\/www.radiopresidenteibanez.cl\/web\/wp-json\/wp\/v2\/categories?post=30935"},{"taxonomy":"post_tag","embeddable":true,"href":"https:\/\/www.radiopresidenteibanez.cl\/web\/wp-json\/wp\/v2\/tags?post=30935"}],"curies":[{"name":"wp","href":"https:\/\/api.w.org\/{rel}","templated":true}]}}