{"id":30932,"date":"2022-07-04T17:39:00","date_gmt":"2022-07-04T20:39:00","guid":{"rendered":"https:\/\/www.radiopresidenteibanez.cl\/web\/?p=30932"},"modified":"2022-07-04T16:11:43","modified_gmt":"2022-07-04T19:11:43","slug":"senama-organizo-seminario-para-destacar-los-derechos-de-los-adultos-mayores-que-viven-en-los-eleam","status":"publish","type":"post","link":"https:\/\/www.radiopresidenteibanez.cl\/web\/senama-organizo-seminario-para-destacar-los-derechos-de-los-adultos-mayores-que-viven-en-los-eleam\/","title":{"rendered":"Senama organiz\u00f3 seminario para destacar los derechos de los adultos mayores que viven en los Eleam"},"content":{"rendered":"\n<p>Con\nel objetivo de relevar la importancia de los derechos de las personas que\nhabitan en los Establecimientos de Larga Estad\u00eda para Adultos Mayores (Eleam) el\nServicio Nacional del Adulto Mayor realiz\u00f3 en Punta Arenas un seminario para\nabordar este tema desde una perspectiva sociocultural y sociosanitario, as\u00ed\ncomo el marco legal establecido para los casos de maltrato en las residencias.<\/p>\n\n\n\n<p>Al\nencuentro asistieron invitados de la red local de salud, del mundo acad\u00e9mico,\nsociedad civil y asociaciones, clubes adultos mayores y trabajadores\nparticulares que se desempe\u00f1an en los Eleam. <\/p>\n\n\n\n<p>A\nla actividad asisti\u00f3 tambi\u00e9n el Seremi de Desarrollo Social y Familia, Danilo\nMimica Mansilla, quien en su intervenci\u00f3n destac\u00f3 el conjunto de actividades\norganizadas por SENAMA durante todo el mes de junio para reflexionar sobre c\u00f3mo\nprevenir el maltrato a las personas mayores, mediante espacios de capacitaci\u00f3n,\nsensibilizaci\u00f3n y articulaci\u00f3n, desde una mirada intersectorial e\nintegral.&nbsp; <\/p>\n\n\n\n<p>La\nautoridad regional se\u00f1al\u00f3 que \u201cen este seminario sobre \u201cEl Buen Trato en los\nEleam\u201d, estamos abordando una tem\u00e1tica muy importante que debiera ser conocida\npor la ciudadan\u00eda. Creo que los Eleam han cumplido un rol muy importante desde\nsu creaci\u00f3n y debiera existir un compromiso de toda la sociedad para que en el\ninterior de estos lugares se brinde un cuidado digno y seguro a nuestros\nadultos mayores\u201d.<\/p>\n\n\n\n<p>Por\nsu parte, Constanza Hern\u00e1ndez Castillo, profesional responsable de la\ncoordinaci\u00f3n de SENAMA Magallanes, record\u00f3 que el 15 de junio se conmemor\u00f3 el\nD\u00eda Internacional de la Toma de Conciencia del Abuso y Maltrato en la Vejez,\npor lo que hace varios a\u00f1os que SENAMA acord\u00f3 dedicar dicho mes a relevar la\ntem\u00e1tica del Buen Trato.&nbsp; <\/p>\n\n\n\n<p>Asimismo,\nagradeci\u00f3 la valiosa alianza que se ha generado con varios actores de la red\nlocal para trabajar en conjunto por el respeto y el buen trato hacia los\nadultos mayores, entre ellos destac\u00f3 a la carrera de Derecho de la Universidad\nde Magallanes, la Seremi de Salud y la Oficina de Defensa Integral del Adulto\nMayor de la Corporaci\u00f3n de Asistencia Judicial.<\/p>\n","protected":false},"excerpt":{"rendered":"<p>Con el objetivo de relevar la importancia de los derechos de las personas que habitan en los Establecimientos de Larga Estad\u00eda para Adultos Mayores (Eleam) el Servicio Nacional del Adulto&#8230; <a class=\"read-more\" href=\"https:\/\/www.radiopresidenteibanez.cl\/web\/senama-organizo-seminario-para-destacar-los-derechos-de-los-adultos-mayores-que-viven-en-los-eleam\/\">Leer m\u00e1s<\/a><\/p>\n","protected":false},"author":2,"featured_media":30933,"comment_status":"closed","ping_status":"closed","sticky":false,"template":"","format":"standard","meta":{"footnotes":""},"categories":[1],"tags":[],"class_list":["post-30932","post","type-post","status-publish","format-standard","has-post-thumbnail","hentry","category-cronica"],"_links":{"self":[{"href":"https:\/\/www.radiopresidenteibanez.cl\/web\/wp-json\/wp\/v2\/posts\/30932","targetHints":{"allow":["GET"]}}],"collection":[{"href":"https:\/\/www.radiopresidenteibanez.cl\/web\/wp-json\/wp\/v2\/posts"}],"about":[{"href":"https:\/\/www.radiopresidenteibanez.cl\/web\/wp-json\/wp\/v2\/types\/post"}],"author":[{"embeddable":true,"href":"https:\/\/www.radiopresidenteibanez.cl\/web\/wp-json\/wp\/v2\/users\/2"}],"replies":[{"embeddable":true,"href":"https:\/\/www.radiopresidenteibanez.cl\/web\/wp-json\/wp\/v2\/comments?post=30932"}],"version-history":[{"count":0,"href":"https:\/\/www.radiopresidenteibanez.cl\/web\/wp-json\/wp\/v2\/posts\/30932\/revisions"}],"wp:featuredmedia":[{"embeddable":true,"href":"https:\/\/www.radiopresidenteibanez.cl\/web\/wp-json\/wp\/v2\/media\/30933"}],"wp:attachment":[{"href":"https:\/\/www.radiopresidenteibanez.cl\/web\/wp-json\/wp\/v2\/media?parent=30932"}],"wp:term":[{"taxonomy":"category","embeddable":true,"href":"https:\/\/www.radiopresidenteibanez.cl\/web\/wp-json\/wp\/v2\/categories?post=30932"},{"taxonomy":"post_tag","embeddable":true,"href":"https:\/\/www.radiopresidenteibanez.cl\/web\/wp-json\/wp\/v2\/tags?post=30932"}],"curies":[{"name":"wp","href":"https:\/\/api.w.org\/{rel}","templated":true}]}}