{"id":30923,"date":"2022-07-04T13:48:00","date_gmt":"2022-07-04T16:48:00","guid":{"rendered":"https:\/\/www.radiopresidenteibanez.cl\/web\/?p=30923"},"modified":"2022-07-04T13:03:07","modified_gmt":"2022-07-04T16:03:07","slug":"alcaldesa-de-rio-verde-hace-un-llamado-a-empresas-salmonicultoras-a-generar-sentido-de-identidad-con-la-comuna","status":"publish","type":"post","link":"https:\/\/www.radiopresidenteibanez.cl\/web\/alcaldesa-de-rio-verde-hace-un-llamado-a-empresas-salmonicultoras-a-generar-sentido-de-identidad-con-la-comuna\/","title":{"rendered":"Alcaldesa de R\u00edo Verde hace un llamado a Empresas Salmonicultoras a generar sentido de identidad con la comuna"},"content":{"rendered":"\n<p>Con el fin de asumir compromisos que aporten a mejorar\nel plan de recolecci\u00f3n de basura y desechos del sector acu\u00edcola en R\u00edo Verde,\nSernapesca y la Ilustre Municipalidad de la comuna lideraron la primera mesa de\ntrabajo entre instituciones p\u00fablicas y privadas con empresas salmonicultoras de\nMagallanes.<\/p>\n\n\n\n<p>Al respecto, la alcaldesa de R\u00edo Verde, Sabina\nBallesteros, afirm\u00f3 que \u201cprimero agradecemos a Sernapesca por gestionar esta\nreuni\u00f3n con la industria salmonicultora que se encuentra en la comuna, porque\nes la primera vez que nos sentamos todos en conjunto a conversar y buscar\nsoluciones para R\u00edo Verde. El tema de la basura y desechos es algo delicado y\nque se debe tratar con mucho cuidado para no afectar el entorno de nuestros\nvecinos y vecinas\u201d. <\/p>\n\n\n\n<p>En ese sentido la m\u00e1xima autoridad comunal,\nagreg\u00f3 que \u201cdurante esta mesa de trabajo, las empresas salmonicultoras\nasumieron compromisos que como municipio esperamos se cumplan dentro de los\nplazos propuestos. Como municipalidad, apoyaremos en todo lo que sea necesario a\nSernapesca para mantener las fiscalizaciones y evitar m\u00e1s denuncias por el poco\ncuidado que ha habido al entorno por parte de algunas empresas del sector\nacu\u00edcola\u201d. <\/p>\n\n\n\n<p>Por su parte, el director regional de\nSernapesca, Patricio D\u00edaz, coment\u00f3 que \u201chemos realizado una primera mesa de\ntrabajo en la Municipalidad de R\u00edo Verde con el sector acu\u00edcola, con\nparticipaci\u00f3n de la Armada y la Superintendencia del Medioambiente para abordar\nel tema de los desechos que genera la industria acu\u00edcola, con alcance territorial\nen la comuna de R\u00edo Verde. Ha sido un muy buen punto de partida, hemos adoptado\nalgunos acuerdos y vamos a seguir trabajando en este tema. Valoramos\npositivamente el trabajo de la Armada en conjunto con Sernapesca, en todo lo\nque respecta a la fiscalizaci\u00f3n de la actividad acu\u00edcola y pesquera en general\u201d.<\/p>\n\n\n\n<p>Importante destacar que durante la cita se\nrealizaron varios acuerdos, entre ellos, la elaboraci\u00f3n de un cronograma de\ntrabajo, con injerencia de las entidades p\u00fablicas y escucha activa de la\nciudadan\u00eda, con el objeto de prevenir y disminuir el impacto medioambiental que\npuede provocar el rubro en la zona, y adem\u00e1s generar un sentido de identidad,\nvinculaci\u00f3n y pertenencia de la industria con los vecinos y vecinas de la\ncomuna. <\/p>\n","protected":false},"excerpt":{"rendered":"<p>Con el fin de asumir compromisos que aporten a mejorar el plan de recolecci\u00f3n de basura y desechos del sector acu\u00edcola en R\u00edo Verde, Sernapesca y la Ilustre Municipalidad de&#8230; <a class=\"read-more\" href=\"https:\/\/www.radiopresidenteibanez.cl\/web\/alcaldesa-de-rio-verde-hace-un-llamado-a-empresas-salmonicultoras-a-generar-sentido-de-identidad-con-la-comuna\/\">Leer m\u00e1s<\/a><\/p>\n","protected":false},"author":2,"featured_media":30924,"comment_status":"closed","ping_status":"closed","sticky":false,"template":"","format":"standard","meta":{"footnotes":""},"categories":[1],"tags":[],"class_list":["post-30923","post","type-post","status-publish","format-standard","has-post-thumbnail","hentry","category-cronica"],"_links":{"self":[{"href":"https:\/\/www.radiopresidenteibanez.cl\/web\/wp-json\/wp\/v2\/posts\/30923","targetHints":{"allow":["GET"]}}],"collection":[{"href":"https:\/\/www.radiopresidenteibanez.cl\/web\/wp-json\/wp\/v2\/posts"}],"about":[{"href":"https:\/\/www.radiopresidenteibanez.cl\/web\/wp-json\/wp\/v2\/types\/post"}],"author":[{"embeddable":true,"href":"https:\/\/www.radiopresidenteibanez.cl\/web\/wp-json\/wp\/v2\/users\/2"}],"replies":[{"embeddable":true,"href":"https:\/\/www.radiopresidenteibanez.cl\/web\/wp-json\/wp\/v2\/comments?post=30923"}],"version-history":[{"count":0,"href":"https:\/\/www.radiopresidenteibanez.cl\/web\/wp-json\/wp\/v2\/posts\/30923\/revisions"}],"wp:featuredmedia":[{"embeddable":true,"href":"https:\/\/www.radiopresidenteibanez.cl\/web\/wp-json\/wp\/v2\/media\/30924"}],"wp:attachment":[{"href":"https:\/\/www.radiopresidenteibanez.cl\/web\/wp-json\/wp\/v2\/media?parent=30923"}],"wp:term":[{"taxonomy":"category","embeddable":true,"href":"https:\/\/www.radiopresidenteibanez.cl\/web\/wp-json\/wp\/v2\/categories?post=30923"},{"taxonomy":"post_tag","embeddable":true,"href":"https:\/\/www.radiopresidenteibanez.cl\/web\/wp-json\/wp\/v2\/tags?post=30923"}],"curies":[{"name":"wp","href":"https:\/\/api.w.org\/{rel}","templated":true}]}}