{"id":30914,"date":"2022-07-04T09:44:42","date_gmt":"2022-07-04T12:44:42","guid":{"rendered":"https:\/\/www.radiopresidenteibanez.cl\/web\/?p=30914"},"modified":"2022-07-04T09:44:48","modified_gmt":"2022-07-04T12:44:48","slug":"boletin-informativo-matinal-26","status":"publish","type":"post","link":"https:\/\/www.radiopresidenteibanez.cl\/web\/boletin-informativo-matinal-26\/","title":{"rendered":"BOLETIN INFORMATIVO MATINAL"},"content":{"rendered":"\n<p>\n\nSANTIAGO.- El Ministerio de Vivienda y Urbanismo, present\u00f3 el<br>Plan de Emergencia Habitacional 2022-2025, que busca avanzar<br>en la superaci\u00f3n de las desigualdades en el acceso a la<br>vivienda y abordar, con sentido de urgencia, el d\u00e9ficit<br>habitacional con la construcci\u00f3n de 260 mil viviendas durante<br>este Gobierno. El plan establece metas a nivel regional y<br>comunal, con un enfoque en la modernizaci\u00f3n de la pol\u00edtica<br>habitacional del Minvu y el fortalecimiento del Banco de<br>Suelo p\u00fablico.<\/p>\n\n\n\n<p>SANTIAGO.- Asimismo, el proyecto tiene medidas como la<br>construcci\u00f3n de 6 mil viviendas de propiedad municipal y el<br>compromiso por comprar casas abandonadas o que quedaron en<br>construcci\u00f3n para poder habilitarlas. El ministro de la<br>cartera, Carlos Montes, detall\u00f3 que la meta de la propuesta<br>es que \u00abse distribuya por regiones, diversificar los caminos<br>para llegar a la vivienda, un banco de suelo que se est\u00e1<br>construyendo y la modernizaci\u00f3n de la forma de construir<br>viviendas\u00bb.<\/p>\n\n\n\n<p>SANTIAGO.- El ministro de la Segpres, Giorgio Jackson, abord\u00f3<br>la problem\u00e1tica del sostenido aumento del precio de las<br>bencinas, se\u00f1alando que a fin de a\u00f1o es posible que un<br>segmento de la poblaci\u00f3n se vea beneficiado con una<br>\u00abdevoluci\u00f3n del impuesto espec\u00edfico al combustible\u00bb. Esto,<br>porque propusieron \u00abque los consumidores que con su auto se<br>mueven para trabajar o llevar a sus hijos al colegio, con un<br>consumo bajo de bencina puedan tener la devoluci\u00f3n del<br>impuesto\u00bb.<\/p>\n\n\n\n<p>SANTIAGO.- En tanto, el diputado \u00c1lvaro Carter, que present\u00f3<br>una reforma para rebajar el impuesto espec\u00edfico a los<br>combustibles, cuestion\u00f3 las declaraciones de Jackson,<br>se\u00f1alando que se trata de \u00abuna nueva voltereta del Gobierno\u00bb.<br>\u00abEllos siempre han estado en contra de eliminar este<br>impuesto: cuando eran parlamentarios, se negaron<br>tajantemente a terminar con este impuesto y votaron en contra<br>de un proyecto para reducir en un 50 por ciento el impuesto<br>espec\u00edfico\u00bb, acus\u00f3.<\/p>\n\n\n\n<p>SANTIAGO.- La presidenta de la Convenci\u00f3n Constitucional,<br>Mar\u00eda Elisa Quinteros, coment\u00f3 el evento de cierre simb\u00f3lico<br>del proceso que se realiz\u00f3 en el Teatro Novedades. Al<br>respecto, aclar\u00f3 que fue \u00abde cuatro colectivos independientes<br>dentro de la Convenci\u00f3n, no fue un evento de la Convenci\u00f3n<br>Constitucional. Yo acud\u00ed en mi calidad de convencional<br>constituyente por el Maule norte, perteneciente al Colectivo<br>Movimientos Sociales Constituyentes\u00bb, se\u00f1al\u00f3.<\/p>\n\n\n\n<p>SANTIAGO.- Asimismo, dijo que \u00abtambi\u00e9n participaron<br>integrantes de Pueblo Constituyente, independientes no<br>neutrales, esca\u00f1os reservados y Movimientos Sociales<br>Constituyentes\u00bb. \u00abEl objetivo era juntarnos con las<br>organizaciones que nos apoyado&#8230;les entregamos la gu\u00eda<br>pr\u00e1ctica, como un acto simb\u00f3lico de entrega y de finalizaci\u00f3n<br>del proceso, ya que no pudimos invitar a todas las<br>organizaciones al evento final en la convenci\u00f3 por temas<br>concernientes al espacio\u00bb, afirm\u00f3 Quinteros.<\/p>\n\n\n\n<p>SANTIAGO.- La Junta Electoral Nacional del Partido Radical<br>entreg\u00f3 el segundo c\u00f3mputo de los comicios internos de la<br>colectividad, resultados que abarcan s\u00f3lo siete regiones del<br>pa\u00eds. El conteo moment\u00e1neo arroja una ventaja de Leonardo<br>Cubillos sobre Alberto Robles, actual l\u00edder de la facci\u00f3n. El<br>resto de los votos se terminar\u00e1n de contar este lunes.<\/p>\n\n\n\n<p>SANTIAGO.- Sin embargo, Robles, quien fue diputado, acus\u00f3 una<br>serie de anomal\u00edas en el proceso eleccionario, lo que a su<br>juicio lo hacen inviable, pidiendo que las votaciones sean<br>repetidas. Robles, quien pretende seguir en su puesto,<br>denunci\u00f3 que en zonas no se enviaron votos suficientes y las<br>actas de escrutinio presentaban errores de tipeo, \u00abdonde<br>figuraba candidatos que no postulaban\u00bb, denunci\u00f3.<br><\/p>\n","protected":false},"excerpt":{"rendered":"<p>SANTIAGO.- El Ministerio de Vivienda y Urbanismo, present\u00f3 elPlan de Emergencia Habitacional 2022-2025, que busca avanzaren la superaci\u00f3n de las desigualdades en el acceso a lavivienda y abordar, con sentido&#8230; <a class=\"read-more\" href=\"https:\/\/www.radiopresidenteibanez.cl\/web\/boletin-informativo-matinal-26\/\">Leer m\u00e1s<\/a><\/p>\n","protected":false},"author":2,"featured_media":30915,"comment_status":"closed","ping_status":"closed","sticky":false,"template":"","format":"standard","meta":{"footnotes":""},"categories":[1],"tags":[],"class_list":["post-30914","post","type-post","status-publish","format-standard","has-post-thumbnail","hentry","category-cronica"],"_links":{"self":[{"href":"https:\/\/www.radiopresidenteibanez.cl\/web\/wp-json\/wp\/v2\/posts\/30914","targetHints":{"allow":["GET"]}}],"collection":[{"href":"https:\/\/www.radiopresidenteibanez.cl\/web\/wp-json\/wp\/v2\/posts"}],"about":[{"href":"https:\/\/www.radiopresidenteibanez.cl\/web\/wp-json\/wp\/v2\/types\/post"}],"author":[{"embeddable":true,"href":"https:\/\/www.radiopresidenteibanez.cl\/web\/wp-json\/wp\/v2\/users\/2"}],"replies":[{"embeddable":true,"href":"https:\/\/www.radiopresidenteibanez.cl\/web\/wp-json\/wp\/v2\/comments?post=30914"}],"version-history":[{"count":0,"href":"https:\/\/www.radiopresidenteibanez.cl\/web\/wp-json\/wp\/v2\/posts\/30914\/revisions"}],"wp:featuredmedia":[{"embeddable":true,"href":"https:\/\/www.radiopresidenteibanez.cl\/web\/wp-json\/wp\/v2\/media\/30915"}],"wp:attachment":[{"href":"https:\/\/www.radiopresidenteibanez.cl\/web\/wp-json\/wp\/v2\/media?parent=30914"}],"wp:term":[{"taxonomy":"category","embeddable":true,"href":"https:\/\/www.radiopresidenteibanez.cl\/web\/wp-json\/wp\/v2\/categories?post=30914"},{"taxonomy":"post_tag","embeddable":true,"href":"https:\/\/www.radiopresidenteibanez.cl\/web\/wp-json\/wp\/v2\/tags?post=30914"}],"curies":[{"name":"wp","href":"https:\/\/api.w.org\/{rel}","templated":true}]}}