{"id":30881,"date":"2022-07-01T19:11:00","date_gmt":"2022-07-01T22:11:00","guid":{"rendered":"https:\/\/www.radiopresidenteibanez.cl\/web\/?p=30881"},"modified":"2022-07-01T12:13:25","modified_gmt":"2022-07-01T15:13:25","slug":"umag-hif-y-gasco-firman-convenio-para-desarrollo-de-laboratorio","status":"publish","type":"post","link":"https:\/\/www.radiopresidenteibanez.cl\/web\/umag-hif-y-gasco-firman-convenio-para-desarrollo-de-laboratorio\/","title":{"rendered":"UMAG, HIF y GASCO FIRMAN CONVENIO PARA DESARROLLO DE LABORATORIO"},"content":{"rendered":"\n<p>La Universidad de Magallanes\n(UMAG), HIF Chile y Gasco GLP firmaron un acuerdo para la construcci\u00f3n y\noperaci\u00f3n de un laboratorio cient\u00edfico de eCombustibles. <\/p>\n\n\n\n<p>Las instalaciones del laboratorio,\nque consideraron una inversi\u00f3n casi US$ 1 mill\u00f3n, tienen por objetivo ser el\nespacio de control de calidad de los combustibles carbono neutrales que\nproducir\u00e1 la planta demostrativa Haru Oni, as\u00ed como la realizaci\u00f3n de actividades de Investigaci\u00f3n, Desarrollo e Innovaci\u00f3n con\nlos subproductos de la planta.<\/p>\n\n\n\n<p>\u201cEl Laboratorio de An\u00e1lisis de eCombustibles\nL\u00edquidos ser\u00e1 el soporte anal\u00edtico para la operaci\u00f3n de nuestra planta permitiendo\noptimizar sus procesos. Adem\u00e1s, beneficiar\u00e1 a la comunidad acad\u00e9mica y\nprofesional, en l\u00ednea con el trabajo de desarrollo de capital humano y\ncient\u00edfico que estamos realizando en la Regi\u00f3n. Es un paso m\u00e1s para posicionar\na Magallanes como hub de descarbonizaci\u00f3n, a trav\u00e9s del desarrollo I+D\u201d, explic\u00f3\nel vicepresidente de Desarrollo Estrat\u00e9gico de HIF Global, Juan Jos\u00e9 Gana. <\/p>\n\n\n\n<p>El laboratorio se emplaza en\nterrenos de la UMAG e iniciar\u00e1 su operaci\u00f3n durante el \u00faltimo trimestre de\n2022, al mismo tiempo que Haru Oni.<\/p>\n\n\n\n<p>\u201cEste es un hito para la academia\nlocal y nacional, ya que se trata del primer laboratorio de este tipo en Chile,\nposicion\u00e1ndonos como una Facultad de Ingenier\u00eda donde nuestros alumnos y\ndocentes desarrollan sus actividades de la mano con la industria, buscando\nsoluciones pertinentes a desaf\u00edos locales y mundiales, utilizando tecnolog\u00eda de\nexcelencia\u201d, afirm\u00f3 el decano de la Facultad de Ingenier\u00eda de UMAG, Claudio G\u00f3mez.<\/p>\n\n\n\n<p>En el desarrollo y puesta en\nmarcha del laboratorio, se trabaj\u00f3 en conjunto con profesionales destacados de UMAG,\ntanto en la infraestructura como en la selecci\u00f3n de su moderno equipamiento.<\/p>\n\n\n\n<p>Por su parte, el gerente de GASCO\nGLP, Marc Llamb\u00edas, se\u00f1al\u00f3 que \u201cla implementaci\u00f3n de este laboratorio, en\nconjunto con HIF y la UMAG, es una gran oportunidad para desarrollar la\nexploraci\u00f3n cient\u00edfica de combustibles carbono neutrales que van a contribuir a\nlograr las metas globales de emisiones de C02 y disminuir el impacto en la\nhuella de carbono.&nbsp; Realizarlo en\nMagallanes permitir\u00e1 transformar esta regi\u00f3n que se ha beneficiado de recursos\nque se encontraban bajo tierra, a una zona que aprovechar\u00e1 el viento que es m\u00e1s\nevidente y sostenible\u201d. <\/p>\n\n\n\n<p>La firma del convenio cont\u00f3 con la\npresencia del alcalde de Punta Arenas, Claudio Radonich.<\/p>\n","protected":false},"excerpt":{"rendered":"<p>La Universidad de Magallanes (UMAG), HIF Chile y Gasco GLP firmaron un acuerdo para la construcci\u00f3n y operaci\u00f3n de un laboratorio cient\u00edfico de eCombustibles. Las instalaciones del laboratorio, que consideraron&#8230; <a class=\"read-more\" href=\"https:\/\/www.radiopresidenteibanez.cl\/web\/umag-hif-y-gasco-firman-convenio-para-desarrollo-de-laboratorio\/\">Leer m\u00e1s<\/a><\/p>\n","protected":false},"author":2,"featured_media":30882,"comment_status":"closed","ping_status":"closed","sticky":false,"template":"","format":"standard","meta":{"footnotes":""},"categories":[1],"tags":[],"class_list":["post-30881","post","type-post","status-publish","format-standard","has-post-thumbnail","hentry","category-cronica"],"_links":{"self":[{"href":"https:\/\/www.radiopresidenteibanez.cl\/web\/wp-json\/wp\/v2\/posts\/30881","targetHints":{"allow":["GET"]}}],"collection":[{"href":"https:\/\/www.radiopresidenteibanez.cl\/web\/wp-json\/wp\/v2\/posts"}],"about":[{"href":"https:\/\/www.radiopresidenteibanez.cl\/web\/wp-json\/wp\/v2\/types\/post"}],"author":[{"embeddable":true,"href":"https:\/\/www.radiopresidenteibanez.cl\/web\/wp-json\/wp\/v2\/users\/2"}],"replies":[{"embeddable":true,"href":"https:\/\/www.radiopresidenteibanez.cl\/web\/wp-json\/wp\/v2\/comments?post=30881"}],"version-history":[{"count":0,"href":"https:\/\/www.radiopresidenteibanez.cl\/web\/wp-json\/wp\/v2\/posts\/30881\/revisions"}],"wp:featuredmedia":[{"embeddable":true,"href":"https:\/\/www.radiopresidenteibanez.cl\/web\/wp-json\/wp\/v2\/media\/30882"}],"wp:attachment":[{"href":"https:\/\/www.radiopresidenteibanez.cl\/web\/wp-json\/wp\/v2\/media?parent=30881"}],"wp:term":[{"taxonomy":"category","embeddable":true,"href":"https:\/\/www.radiopresidenteibanez.cl\/web\/wp-json\/wp\/v2\/categories?post=30881"},{"taxonomy":"post_tag","embeddable":true,"href":"https:\/\/www.radiopresidenteibanez.cl\/web\/wp-json\/wp\/v2\/tags?post=30881"}],"curies":[{"name":"wp","href":"https:\/\/api.w.org\/{rel}","templated":true}]}}