{"id":30847,"date":"2022-06-30T17:57:00","date_gmt":"2022-06-30T20:57:00","guid":{"rendered":"https:\/\/www.radiopresidenteibanez.cl\/web\/?p=30847"},"modified":"2022-06-30T15:33:04","modified_gmt":"2022-06-30T18:33:04","slug":"nueva-feria-del-centro-de-negocios-sercotec-en-zona-austral","status":"publish","type":"post","link":"https:\/\/www.radiopresidenteibanez.cl\/web\/nueva-feria-del-centro-de-negocios-sercotec-en-zona-austral\/","title":{"rendered":"NUEVA FERIA DEL CENTRO DE NEGOCIOS SERCOTEC EN ZONA AUSTRAL"},"content":{"rendered":"\n<p>A partir del martes 28 de junio\nhasta el domingo 3 de julio, se llevar\u00e1 a cabo la Feria \u201cFiesta Invernal\u201d desde\nlas 11:00 horas a las 20:30 horas, en el M\u00f3dulo Central Zona Austral Etapa 4.<\/p>\n\n\n\n<p>En esta feria se presentan 17\nclientes del Centro de Negocios Sercotec Punta Arenas, el objetivo principal es\ngenerar impacto econ\u00f3mico y potenciar la comercializaci\u00f3n de estos clientes en\nuno de los recintos comerciales m\u00e1s importantes de la regi\u00f3n. <\/p>\n\n\n\n<p>Entre los emprendedores hay\ndiversos rubros en los que se pueden encontrar; vestuario infantil, juguetes\ndid\u00e1cticos, muebler\u00eda, turismo aventura, comida, accesorios entre otros. <\/p>\n\n\n\n<p>Para la directora(s) regional de\nSERCOTEC, Katia Mu\u00f1oz, <em>\u201cAqu\u00ed hay micro y peque\u00f1os emprendedores de la\nregi\u00f3n, generalmente van entre los 2.400 UF de ventas netas en el a\u00f1o, son\nempresarios que llevan trabajando con el centro de negocios por lo menos 6\nmeses\u201d<\/em> destac\u00f3. <\/p>\n\n\n\n<p>En la misma l\u00ednea, la Seremi de\nEconom\u00eda, Fomento, Turismo de la Regi\u00f3n de Magallanes y la Ant\u00e1rtica Chilena,\nRuth Saieh Latrach, <em>\u201cesta feria la organiza el Centro de Negocios de\nSercotec de Punta Arenas con el gentil auspicio de Zona Austral que nos\nfacilita el espacio f\u00edsico, justamente la idea es que para los emprendedores\nlos espacios sean gratuitos por ende le alivia bastante el costo de instalarse\nen cualquier otro lugar\u201d, <\/em>recalc\u00f3.<\/p>\n","protected":false},"excerpt":{"rendered":"<p>A partir del martes 28 de junio hasta el domingo 3 de julio, se llevar\u00e1 a cabo la Feria \u201cFiesta Invernal\u201d desde las 11:00 horas a las 20:30 horas, en&#8230; <a class=\"read-more\" href=\"https:\/\/www.radiopresidenteibanez.cl\/web\/nueva-feria-del-centro-de-negocios-sercotec-en-zona-austral\/\">Leer m\u00e1s<\/a><\/p>\n","protected":false},"author":2,"featured_media":30848,"comment_status":"closed","ping_status":"closed","sticky":false,"template":"","format":"standard","meta":{"footnotes":""},"categories":[1],"tags":[],"class_list":["post-30847","post","type-post","status-publish","format-standard","has-post-thumbnail","hentry","category-cronica"],"_links":{"self":[{"href":"https:\/\/www.radiopresidenteibanez.cl\/web\/wp-json\/wp\/v2\/posts\/30847","targetHints":{"allow":["GET"]}}],"collection":[{"href":"https:\/\/www.radiopresidenteibanez.cl\/web\/wp-json\/wp\/v2\/posts"}],"about":[{"href":"https:\/\/www.radiopresidenteibanez.cl\/web\/wp-json\/wp\/v2\/types\/post"}],"author":[{"embeddable":true,"href":"https:\/\/www.radiopresidenteibanez.cl\/web\/wp-json\/wp\/v2\/users\/2"}],"replies":[{"embeddable":true,"href":"https:\/\/www.radiopresidenteibanez.cl\/web\/wp-json\/wp\/v2\/comments?post=30847"}],"version-history":[{"count":0,"href":"https:\/\/www.radiopresidenteibanez.cl\/web\/wp-json\/wp\/v2\/posts\/30847\/revisions"}],"wp:featuredmedia":[{"embeddable":true,"href":"https:\/\/www.radiopresidenteibanez.cl\/web\/wp-json\/wp\/v2\/media\/30848"}],"wp:attachment":[{"href":"https:\/\/www.radiopresidenteibanez.cl\/web\/wp-json\/wp\/v2\/media?parent=30847"}],"wp:term":[{"taxonomy":"category","embeddable":true,"href":"https:\/\/www.radiopresidenteibanez.cl\/web\/wp-json\/wp\/v2\/categories?post=30847"},{"taxonomy":"post_tag","embeddable":true,"href":"https:\/\/www.radiopresidenteibanez.cl\/web\/wp-json\/wp\/v2\/tags?post=30847"}],"curies":[{"name":"wp","href":"https:\/\/api.w.org\/{rel}","templated":true}]}}