{"id":30837,"date":"2022-06-30T12:47:00","date_gmt":"2022-06-30T15:47:00","guid":{"rendered":"https:\/\/www.radiopresidenteibanez.cl\/web\/?p=30837"},"modified":"2022-06-30T11:41:35","modified_gmt":"2022-06-30T14:41:35","slug":"salud-magallanes-y-mejor-ninez-trabajan-por-atencion-oportuna-de-ninos-ninas-y-adolescentes","status":"publish","type":"post","link":"https:\/\/www.radiopresidenteibanez.cl\/web\/salud-magallanes-y-mejor-ninez-trabajan-por-atencion-oportuna-de-ninos-ninas-y-adolescentes\/","title":{"rendered":"SALUD MAGALLANES y MEJOR NI\u00d1EZ TRABAJAN POR ATENCION OPORTUNA DE NI\u00d1OS, NI\u00d1AS y ADOLESCENTES"},"content":{"rendered":"\n<p>Con el objetivo de contar con\ndefiniciones claras para la atenci\u00f3n prehospitalaria de ni\u00f1os, ni\u00f1as y\nadolescentes (NNA), recientemente el Servicio de Salud Magallanes junto al\nServicio Mejor Ni\u00f1ez, suscribieron un \u201cProtocolo de Actuaci\u00f3n ante Emergencias M\u00e9dicas\nen Residencias de la Regi\u00f3n de Magallanes y Ant\u00e1rtica Chilena\u00bb.<\/p>\n\n\n\n<p>El protocolo, suscrito por\nlos directores (s) de ambos organismos, Ricardo Contreras y Marcela Mella, brinda\nun marco referencial para la actuaci\u00f3n de profesionales y t\u00e9cnicos tanto de las\nresidencias del Servicio Mejor Ni\u00f1ez, como del Servicio de Atenci\u00f3n M\u00e9dica de\nUrgencias (SAMU), en los procesos de atenci\u00f3n prehospitalaria de los NNA bajo\ntutela de Mejor Ni\u00f1ez, favoreciendo la comunicaci\u00f3n y optimizando tiempos y\nrecursos humanos.&nbsp; <\/p>\n\n\n\n<p>Al respecto, Ricardo\nContreras, coment\u00f3 que, \u201ceste protocolo es fruto del trabajo consensuado y, su importancia\nest\u00e1 dada en la pronta atenci\u00f3n de los NNA bajo tutela de Mejor Ni\u00f1ez, evitando\ndescompensaciones mayores que puedan afectarle a ellos mismos, a otros ni\u00f1os,\nni\u00f1as y adolescentes y los funcionarios\/as de estos dispositivos\u201d, indic\u00f3 el\ndirectivo.<\/p>\n\n\n\n<p>Consignar que, para una mejor\ncoordinaci\u00f3n es prioritaria la existencia de canales definidos como tambi\u00e9n, de\ninformaci\u00f3n respecto de las situaciones que ameritan la solicitud de asistencia\ndel SAMU.<\/p>\n","protected":false},"excerpt":{"rendered":"<p>Con el objetivo de contar con definiciones claras para la atenci\u00f3n prehospitalaria de ni\u00f1os, ni\u00f1as y adolescentes (NNA), recientemente el Servicio de Salud Magallanes junto al Servicio Mejor Ni\u00f1ez, suscribieron&#8230; <a class=\"read-more\" href=\"https:\/\/www.radiopresidenteibanez.cl\/web\/salud-magallanes-y-mejor-ninez-trabajan-por-atencion-oportuna-de-ninos-ninas-y-adolescentes\/\">Leer m\u00e1s<\/a><\/p>\n","protected":false},"author":2,"featured_media":30838,"comment_status":"closed","ping_status":"closed","sticky":false,"template":"","format":"standard","meta":{"footnotes":""},"categories":[1],"tags":[],"class_list":["post-30837","post","type-post","status-publish","format-standard","has-post-thumbnail","hentry","category-cronica"],"_links":{"self":[{"href":"https:\/\/www.radiopresidenteibanez.cl\/web\/wp-json\/wp\/v2\/posts\/30837","targetHints":{"allow":["GET"]}}],"collection":[{"href":"https:\/\/www.radiopresidenteibanez.cl\/web\/wp-json\/wp\/v2\/posts"}],"about":[{"href":"https:\/\/www.radiopresidenteibanez.cl\/web\/wp-json\/wp\/v2\/types\/post"}],"author":[{"embeddable":true,"href":"https:\/\/www.radiopresidenteibanez.cl\/web\/wp-json\/wp\/v2\/users\/2"}],"replies":[{"embeddable":true,"href":"https:\/\/www.radiopresidenteibanez.cl\/web\/wp-json\/wp\/v2\/comments?post=30837"}],"version-history":[{"count":0,"href":"https:\/\/www.radiopresidenteibanez.cl\/web\/wp-json\/wp\/v2\/posts\/30837\/revisions"}],"wp:featuredmedia":[{"embeddable":true,"href":"https:\/\/www.radiopresidenteibanez.cl\/web\/wp-json\/wp\/v2\/media\/30838"}],"wp:attachment":[{"href":"https:\/\/www.radiopresidenteibanez.cl\/web\/wp-json\/wp\/v2\/media?parent=30837"}],"wp:term":[{"taxonomy":"category","embeddable":true,"href":"https:\/\/www.radiopresidenteibanez.cl\/web\/wp-json\/wp\/v2\/categories?post=30837"},{"taxonomy":"post_tag","embeddable":true,"href":"https:\/\/www.radiopresidenteibanez.cl\/web\/wp-json\/wp\/v2\/tags?post=30837"}],"curies":[{"name":"wp","href":"https:\/\/api.w.org\/{rel}","templated":true}]}}