{"id":30834,"date":"2022-06-30T11:32:00","date_gmt":"2022-06-30T14:32:00","guid":{"rendered":"https:\/\/www.radiopresidenteibanez.cl\/web\/?p=30834"},"modified":"2022-06-30T11:07:58","modified_gmt":"2022-06-30T14:07:58","slug":"se-inicia-la-inscripcion-a-la-nueva-prueba-de-acceso-a-la-educacion-superior-para-la-admision-2023","status":"publish","type":"post","link":"https:\/\/www.radiopresidenteibanez.cl\/web\/se-inicia-la-inscripcion-a-la-nueva-prueba-de-acceso-a-la-educacion-superior-para-la-admision-2023\/","title":{"rendered":"SE INICIA LA INSCRIPCION A LA NUEVA PRUEBA DE ACCESO A LA EDUCACION SUPERIOR PARA LA ADMISION 2023"},"content":{"rendered":"\n<p>El Ministerio de Educaci\u00f3n, a trav\u00e9s de la Subsecretar\u00eda de Educaci\u00f3n Superior, junto al DEMRE de la Universidad de Chile, informaron que a partir de hoy y hasta el d\u00eda 10 de agosto de 2022 a las 13:00 horas, estar\u00e1 habilitada la inscripci\u00f3n a la nueva Prueba de Acceso a la Educaci\u00f3n Superior (PAES) en la plataforma&nbsp;<a href=\"https:\/\/acceso.mineduc.cl\/\" target=\"_blank\" rel=\"noreferrer noopener\">acceso.mineduc.cl<\/a>.<\/p>\n\n\n\n<p>La nueva prueba se rendir\u00e1 por primera vez entre el&nbsp;<strong>28 y el 30 de noviembre<\/strong>, para el proceso de admisi\u00f3n 2023 a las 45 universidades adscritas al Sistema de Acceso. A diferencia de los dos procesos anteriores, no habr\u00e1 separaci\u00f3n por grupos ni fechas extraordinarias para realizar esta inscripci\u00f3n.<\/p>\n\n\n\n<p>El&nbsp;<strong>ministro de Educaci\u00f3n, Marco Antonio \u00c1vila<\/strong>, se\u00f1al\u00f3 que \u201cel curr\u00edculum escolar completo, desde la Educaci\u00f3n Parvularia hasta 4\u00b0 medio, est\u00e1 basado en el desarrollo de habilidades. Por lo tanto, la Prueba PAES es la primera que unificar\u00e1 la manera en que se eval\u00faan los aprendizajes relacionados con el curr\u00edculum escolar. Es importante que la ense\u00f1anza no est\u00e9 centrada \u00fanicamente en la adquisici\u00f3n de contenidos, sino que incorpore tambi\u00e9n habilidades y la aplicaci\u00f3n de ese conocimiento. Y esto es fundamental, dado que nuestro propio curr\u00edculum nacional establece un mayor desarrollo en el \u00e1mbito de las competencias\u201d.&nbsp;<\/p>\n\n\n\n<p>En este sentido, valor\u00f3 que, en cuanto al acceso a la educaci\u00f3n superior, \u201cla Ley 21.091 nos ha permitido hacernos cargo de algunos elementos que hoy todav\u00eda entend\u00edamos como injustos o que no han permitido un verdadero reconocimiento de la importancia del desarrollo de las habilidades y de las competencias m\u00e1s transversales en las y los estudiantes\u201d.&nbsp;&nbsp;<\/p>\n\n\n\n<p>Por su parte, la<strong>&nbsp;subsecretaria de Educaci\u00f3n Superior, Ver\u00f3nica Figueroa Huencho<\/strong>&nbsp;asegur\u00f3 que \u201cestas pruebas permitir\u00e1n contar con informaci\u00f3n relevante y emp\u00edrica para promover ejes claves que nos guiar\u00e1n hacia una sistema de acceso con mayor sentido de equidad\u201d, y agreg\u00f3 que \u201ceste es un instrumento que se ha ido perfeccionando, sin embargo, creemos que a\u00fan tenemos un camino por recorrer para seguir incorporando modificaciones que permitan considerar la diversidad, la territorialidad y los talentos diferentes de las y los j\u00f3venes, y as\u00ed no seguir replicando o profundizando las desigualdades que hist\u00f3ricamente ha sufrido nuestro pa\u00eds\u201d.<\/p>\n\n\n\n<p>Por su parte, la&nbsp;<strong>directora del DEMRE, Leonor Varas,&nbsp;<\/strong>indic\u00f3 que \u201cel inicio de la inscripci\u00f3n a la PAES es un hito hist\u00f3rico, que marca un nuevo comienzo en la construcci\u00f3n de instrumentos m\u00e1s precisos, de mayor calidad, y de un Sistema de Acceso m\u00e1s equitativo, m\u00e1s justo y ajustado al Chile de hoy\u201d.<\/p>\n\n\n\n<p><strong>\u00bfQui\u00e9nes pueden inscribirse?<\/strong><\/p>\n\n\n\n<p>Cabe recordar que&nbsp;<strong>este a\u00f1o no habr\u00e1 un proceso de inscripci\u00f3n extraordinario o adicional<\/strong>, por lo tanto, las y los postulantes deber\u00e1n hacer el tr\u00e1mite hasta el 10 de agosto a las 13:00 horas y seguir todos los pasos hasta obtener su tarjeta de identificaci\u00f3n, documento que acredita la validez de su inscripci\u00f3n.<\/p>\n\n\n\n<p>Al igual que en procesos anteriores, podr\u00e1n inscribirse quienes hayan egresado de Ense\u00f1anza Media o est\u00e9n cursando 4\u00b0 medio, incluidas las personas que hayan realizado sus estudios secundarios en el exterior, ya sea chilenas o extranjeras, y que cuenten con el reconocimiento de dichos estudios en nuestro pa\u00eds.<\/p>\n\n\n\n<p>Es importante considerar que las pruebas que componen la nueva Prueba de Acceso a la Educaci\u00f3n Superior son: la PAES obligatoria de Competencia Lectora, la PAES obligatoria de Competencia Matem\u00e1tica 1 (M1), la PAES de Competencia Matem\u00e1tica 2 (M2), y las pruebas electivas de Ciencias y de Historia y Ciencias Sociales.<\/p>\n\n\n\n<p>Una de las novedades de este proceso es la incorporaci\u00f3n de la&nbsp;<strong>prueba de Competencia Matem\u00e1tica 2<\/strong>&nbsp;(M2), que ser\u00e1 requisito para postular a 476 carreras que requieren un uso intensivo de las matem\u00e1ticas. Por lo tanto, es importante que las y los postulantes revisen la n\u00f3mina de carreras que solicitan M2 como requisito obligatorio disponible en&nbsp;<a href=\"http:\/\/acceso.mineduc.cl\/\" target=\"_blank\" rel=\"noreferrer noopener\">acceso.mineduc.cl<\/a>.&nbsp;<\/p>\n\n\n\n<p><strong>Quienes actualmente cursan 4\u00b0 medio deben inscribir<\/strong>, al menos, las pruebas obligatorias (Competencia Lectora y Matem\u00e1tica 1) y una prueba electiva (Ciencias y\/o de Historia y Ciencias Sociales), mientras que las y los egresados de 4\u00b0 medio pueden escoger qu\u00e9 pruebas rendir, una o m\u00e1s.<\/p>\n\n\n\n<p>Cabe considerar que, si bien el valor de la inscripci\u00f3n corresponder\u00e1 al n\u00famero de pruebas inscritas, se ha estipulado para este proceso de admisi\u00f3n que la Prueba de Competencia Matem\u00e1tica 2 sea gratuita para aquellas y aquellos postulantes que inscriban igualmente la Prueba de Competencia Matem\u00e1tica 1.<\/p>\n\n\n\n<p>Asimismo, est\u00e1 disponible la&nbsp;<strong>beca PAES<\/strong>, que exime del pago del arancel de inscripci\u00f3n a estudiantes matriculados -al 2022- en 4\u00b0 a\u00f1o medio en establecimientos educacionales&nbsp;municipales, de administraci\u00f3n delegada, particulares&nbsp;subvencionados o de los Servicios Locales de Educaci\u00f3n P\u00fablica. La beca tambi\u00e9n beneficia a estudiantes de establecimientos particulares pagados que pertenezcan al 60% m\u00e1s vulnerable seg\u00fan la calificaci\u00f3n socioecon\u00f3mica del Registro Social de Hogares.<\/p>\n","protected":false},"excerpt":{"rendered":"<p>El Ministerio de Educaci\u00f3n, a trav\u00e9s de la Subsecretar\u00eda de Educaci\u00f3n Superior, junto al DEMRE de la Universidad de Chile, informaron que a partir de hoy y hasta el d\u00eda&#8230; <a class=\"read-more\" href=\"https:\/\/www.radiopresidenteibanez.cl\/web\/se-inicia-la-inscripcion-a-la-nueva-prueba-de-acceso-a-la-educacion-superior-para-la-admision-2023\/\">Leer m\u00e1s<\/a><\/p>\n","protected":false},"author":2,"featured_media":30835,"comment_status":"closed","ping_status":"closed","sticky":false,"template":"","format":"standard","meta":{"footnotes":""},"categories":[1],"tags":[],"class_list":["post-30834","post","type-post","status-publish","format-standard","has-post-thumbnail","hentry","category-cronica"],"_links":{"self":[{"href":"https:\/\/www.radiopresidenteibanez.cl\/web\/wp-json\/wp\/v2\/posts\/30834","targetHints":{"allow":["GET"]}}],"collection":[{"href":"https:\/\/www.radiopresidenteibanez.cl\/web\/wp-json\/wp\/v2\/posts"}],"about":[{"href":"https:\/\/www.radiopresidenteibanez.cl\/web\/wp-json\/wp\/v2\/types\/post"}],"author":[{"embeddable":true,"href":"https:\/\/www.radiopresidenteibanez.cl\/web\/wp-json\/wp\/v2\/users\/2"}],"replies":[{"embeddable":true,"href":"https:\/\/www.radiopresidenteibanez.cl\/web\/wp-json\/wp\/v2\/comments?post=30834"}],"version-history":[{"count":0,"href":"https:\/\/www.radiopresidenteibanez.cl\/web\/wp-json\/wp\/v2\/posts\/30834\/revisions"}],"wp:featuredmedia":[{"embeddable":true,"href":"https:\/\/www.radiopresidenteibanez.cl\/web\/wp-json\/wp\/v2\/media\/30835"}],"wp:attachment":[{"href":"https:\/\/www.radiopresidenteibanez.cl\/web\/wp-json\/wp\/v2\/media?parent=30834"}],"wp:term":[{"taxonomy":"category","embeddable":true,"href":"https:\/\/www.radiopresidenteibanez.cl\/web\/wp-json\/wp\/v2\/categories?post=30834"},{"taxonomy":"post_tag","embeddable":true,"href":"https:\/\/www.radiopresidenteibanez.cl\/web\/wp-json\/wp\/v2\/tags?post=30834"}],"curies":[{"name":"wp","href":"https:\/\/api.w.org\/{rel}","templated":true}]}}