{"id":30802,"date":"2022-06-29T12:37:00","date_gmt":"2022-06-29T15:37:00","guid":{"rendered":"https:\/\/www.radiopresidenteibanez.cl\/web\/?p=30802"},"modified":"2022-06-29T11:39:33","modified_gmt":"2022-06-29T14:39:33","slug":"magallanes-sernapesca-entrega-informacion-sobre-denuncias-por-incumplimientos-en-acuicultura-cursadas-en-el-primes-semestre-de-2022","status":"publish","type":"post","link":"https:\/\/www.radiopresidenteibanez.cl\/web\/magallanes-sernapesca-entrega-informacion-sobre-denuncias-por-incumplimientos-en-acuicultura-cursadas-en-el-primes-semestre-de-2022\/","title":{"rendered":"MAGALLANES: SERNAPESCA ENTREGA INFORMACION SOBRE DENUNCIAS POR INCUMPLIMIENTOS EN ACUICULTURA CURSADAS EN EL PRIMES SEMESTRE DE 2022"},"content":{"rendered":"\n<p>En el marco de las actividades de\nfiscalizaci\u00f3n realizadas por funcionarios y funcionarias del Servicio Nacional\nde Pesca y Acuicultura (SERNAPESCA) en la regi\u00f3n de Magallanes, en el \u00e1rea de\nAcuicultura durante el primer semestre del a\u00f1o 2022, el ente fiscalizador informa\nque se han denunciado 27 incumplimientos en centros de cultivos de salm\u00f3nidos,\nlos que han sido reportados a las diferentes instituciones, seg\u00fan corresponde\nel tipo de incumplimiento. A la fecha el n\u00famero de denuncias supera a las 22\ncursadas en todo el a\u00f1o 2021.<\/p>\n\n\n\n<p>Las denuncias presentadas durante\neste a\u00f1o, han sido ingresadas a la Superintendencia de Medio Ambiente (SMA), a\nJuzgados Civiles en Puerto Natales y a la Subsecretar\u00eda de Pesca y\nAcuicultura&nbsp; por temas relacionados principalmente\ncon superar la producci\u00f3n autorizada por la Resoluci\u00f3n de Calificaci\u00f3n\nAmbiental (RCA), escape de peces, presencia de desechos propios de la actividad\nacu\u00edcola en playas y sectores aleda\u00f1os a centros e cultivos, incumplimientos en\nprogramas sanitarios de manejo de enfermedades, manejo inadecuado de\nmortalidad, entre otros.<\/p>\n\n\n\n<p>\u201cLa Direcci\u00f3n Regional Sernapesca\nMagallanes continuar\u00e1 con las actividades de fiscalizaci\u00f3n ya sea en terreno o\nmediante revisi\u00f3n documental, en el marco del trabajo conjunto que realizamos\ncon otras entidades p\u00fablicas, como la Armada y Superintendencia del Medio\nAmbiente,\u201d agreg\u00f3 Patricio D\u00edaz, Director Regional de SERNAPESCA Magallanes.<\/p>\n","protected":false},"excerpt":{"rendered":"<p>En el marco de las actividades de fiscalizaci\u00f3n realizadas por funcionarios y funcionarias del Servicio Nacional de Pesca y Acuicultura (SERNAPESCA) en la regi\u00f3n de Magallanes, en el \u00e1rea de&#8230; <a class=\"read-more\" href=\"https:\/\/www.radiopresidenteibanez.cl\/web\/magallanes-sernapesca-entrega-informacion-sobre-denuncias-por-incumplimientos-en-acuicultura-cursadas-en-el-primes-semestre-de-2022\/\">Leer m\u00e1s<\/a><\/p>\n","protected":false},"author":2,"featured_media":30803,"comment_status":"closed","ping_status":"closed","sticky":false,"template":"","format":"standard","meta":{"footnotes":""},"categories":[1],"tags":[],"class_list":["post-30802","post","type-post","status-publish","format-standard","has-post-thumbnail","hentry","category-cronica"],"_links":{"self":[{"href":"https:\/\/www.radiopresidenteibanez.cl\/web\/wp-json\/wp\/v2\/posts\/30802","targetHints":{"allow":["GET"]}}],"collection":[{"href":"https:\/\/www.radiopresidenteibanez.cl\/web\/wp-json\/wp\/v2\/posts"}],"about":[{"href":"https:\/\/www.radiopresidenteibanez.cl\/web\/wp-json\/wp\/v2\/types\/post"}],"author":[{"embeddable":true,"href":"https:\/\/www.radiopresidenteibanez.cl\/web\/wp-json\/wp\/v2\/users\/2"}],"replies":[{"embeddable":true,"href":"https:\/\/www.radiopresidenteibanez.cl\/web\/wp-json\/wp\/v2\/comments?post=30802"}],"version-history":[{"count":0,"href":"https:\/\/www.radiopresidenteibanez.cl\/web\/wp-json\/wp\/v2\/posts\/30802\/revisions"}],"wp:featuredmedia":[{"embeddable":true,"href":"https:\/\/www.radiopresidenteibanez.cl\/web\/wp-json\/wp\/v2\/media\/30803"}],"wp:attachment":[{"href":"https:\/\/www.radiopresidenteibanez.cl\/web\/wp-json\/wp\/v2\/media?parent=30802"}],"wp:term":[{"taxonomy":"category","embeddable":true,"href":"https:\/\/www.radiopresidenteibanez.cl\/web\/wp-json\/wp\/v2\/categories?post=30802"},{"taxonomy":"post_tag","embeddable":true,"href":"https:\/\/www.radiopresidenteibanez.cl\/web\/wp-json\/wp\/v2\/tags?post=30802"}],"curies":[{"name":"wp","href":"https:\/\/api.w.org\/{rel}","templated":true}]}}