{"id":30757,"date":"2022-06-26T18:55:20","date_gmt":"2022-06-26T21:55:20","guid":{"rendered":"https:\/\/www.radiopresidenteibanez.cl\/web\/?p=30757"},"modified":"2022-06-26T18:55:26","modified_gmt":"2022-06-26T21:55:26","slug":"diputado-matheson-presenta-proyecto-para-que-gobiernos-regionales-realicen-auditoria-externa-durante-su-mandato","status":"publish","type":"post","link":"https:\/\/www.radiopresidenteibanez.cl\/web\/diputado-matheson-presenta-proyecto-para-que-gobiernos-regionales-realicen-auditoria-externa-durante-su-mandato\/","title":{"rendered":"DIPUTADO MATHESON PRESENTA PROYECTO PARA QUE GOBIERNOS REGIONALES REALICEN AUDITOR\u00cdA EXTERNA DURANTE SU MANDATO"},"content":{"rendered":"\n<p> El parlamentario magall\u00e1nico, busca disminuir faltas a la probidad. Adem\u00e1s, de prevenir y combatir actos de corrupci\u00f3n con el uso de recursos fiscales.<\/p>\n\n\n\n<p>Seg\u00fan el parlamentario, en el \u00faltimo tiempo se han conocido casos de il\u00edcitos e irregularidades al interior de gobiernos locales. En este contexto, y con el esp\u00edritu de entregar mayores herramientas de fiscalizaci\u00f3n el diputado Christian Matheson, present\u00f3 un proyecto de acuerdo que solicita al presidente de la Rep\u00fablica presentar una iniciativa legal para que la atribuci\u00f3n del Consejo Regional (CORE) de solicitar una auditor\u00eda externa al Gobierno Regional (GORE) una vez al a\u00f1o, pase de ser facultativa a obligatoria, a lo menos una vez en el periodo de duraci\u00f3n del mandato, es decir 4 a\u00f1os.\u00a0 <\/p>\n\n\n\n<p>Es del caso\nse\u00f1alar que la Ley N\u00b019.175, org\u00e1nica constitucional sobre Gobierno y\nAdministraci\u00f3n Regional, en su art\u00edculo 36, establece que corresponde al\nConsejo Regional fiscalizar el desempe\u00f1o del gobernador en su calidad de \u00f3rgano\nejecutivo del Gobierno Regional, como tambi\u00e9n de las unidades que de \u00e9l\ndependan. <\/p>\n\n\n\n<p>Adem\u00e1s,\nse\u00f1ala la contrataci\u00f3n de una auditor\u00eda externa que eval\u00fae la ejecuci\u00f3n\npresupuestaria y el estado de situaci\u00f3n financiera del Gobierno Regional,\nfacultad que solo podr\u00eda realizarse una vez al a\u00f1o, pero que no resulta\nobligatoria. <\/p>\n\n\n\n<p>El diputado Christian\nMatheson, advierte que \u00aben la actualidad esta mera facultad resulta\ninsuficiente y es muy necesario exigir mayor responsabilidad en el uso de\nrecursos fiscales, en un escenario nacional de incertidumbre econ\u00f3mica y de\nfuerte desconfianza en las instituciones\u00bb. <\/p>\n\n\n\n<p>\u00abEn una\ndemocracia sana es esencial que los \u00f3rganos del Estado se fiscalicen, que\nexistan frenos y contrapesos, ya que esto viene a elevar los est\u00e1ndares de\nprobidad, transparencia y eficiencia en la administraci\u00f3n del Estado. Que los\nGobiernos Regionales tengan una autor\u00eda por periodo, vendr\u00eda a solucionar muchos\ninconvenientes que se generan con el uso de recursos fiscales y finalmente lo\nque buscamos es mayor eficiencia es la utilizaci\u00f3n de \u00e9stos, que lleguen donde\nm\u00e1s se necesita\u00bb, puntualiz\u00f3 el parlamentario representante de Magallanes y la\nAnt\u00e1rtica Chilena. <\/p>\n","protected":false},"excerpt":{"rendered":"<p>El parlamentario magall\u00e1nico, busca disminuir faltas a la probidad. Adem\u00e1s, de prevenir y combatir actos de corrupci\u00f3n con el uso de recursos fiscales. Seg\u00fan el parlamentario, en el \u00faltimo tiempo&#8230; <a class=\"read-more\" href=\"https:\/\/www.radiopresidenteibanez.cl\/web\/diputado-matheson-presenta-proyecto-para-que-gobiernos-regionales-realicen-auditoria-externa-durante-su-mandato\/\">Leer m\u00e1s<\/a><\/p>\n","protected":false},"author":2,"featured_media":30758,"comment_status":"closed","ping_status":"closed","sticky":false,"template":"","format":"standard","meta":{"footnotes":""},"categories":[1],"tags":[],"class_list":["post-30757","post","type-post","status-publish","format-standard","has-post-thumbnail","hentry","category-cronica"],"_links":{"self":[{"href":"https:\/\/www.radiopresidenteibanez.cl\/web\/wp-json\/wp\/v2\/posts\/30757","targetHints":{"allow":["GET"]}}],"collection":[{"href":"https:\/\/www.radiopresidenteibanez.cl\/web\/wp-json\/wp\/v2\/posts"}],"about":[{"href":"https:\/\/www.radiopresidenteibanez.cl\/web\/wp-json\/wp\/v2\/types\/post"}],"author":[{"embeddable":true,"href":"https:\/\/www.radiopresidenteibanez.cl\/web\/wp-json\/wp\/v2\/users\/2"}],"replies":[{"embeddable":true,"href":"https:\/\/www.radiopresidenteibanez.cl\/web\/wp-json\/wp\/v2\/comments?post=30757"}],"version-history":[{"count":0,"href":"https:\/\/www.radiopresidenteibanez.cl\/web\/wp-json\/wp\/v2\/posts\/30757\/revisions"}],"wp:featuredmedia":[{"embeddable":true,"href":"https:\/\/www.radiopresidenteibanez.cl\/web\/wp-json\/wp\/v2\/media\/30758"}],"wp:attachment":[{"href":"https:\/\/www.radiopresidenteibanez.cl\/web\/wp-json\/wp\/v2\/media?parent=30757"}],"wp:term":[{"taxonomy":"category","embeddable":true,"href":"https:\/\/www.radiopresidenteibanez.cl\/web\/wp-json\/wp\/v2\/categories?post=30757"},{"taxonomy":"post_tag","embeddable":true,"href":"https:\/\/www.radiopresidenteibanez.cl\/web\/wp-json\/wp\/v2\/tags?post=30757"}],"curies":[{"name":"wp","href":"https:\/\/api.w.org\/{rel}","templated":true}]}}