{"id":30748,"date":"2022-06-26T15:15:14","date_gmt":"2022-06-26T18:15:14","guid":{"rendered":"https:\/\/www.radiopresidenteibanez.cl\/web\/?p=30748"},"modified":"2022-06-26T15:15:21","modified_gmt":"2022-06-26T18:15:21","slug":"gabinete-en-terreno-efectuo-dialogo-ciudadano-en-natales","status":"publish","type":"post","link":"https:\/\/www.radiopresidenteibanez.cl\/web\/gabinete-en-terreno-efectuo-dialogo-ciudadano-en-natales\/","title":{"rendered":"GABINETE EN TERRENO EFECTU\u00d3 DI\u00c1LOGO CIUDADANO EN NATALES"},"content":{"rendered":"\n<p>Este s\u00e1bado, la Delegaci\u00f3n Presidencial Provincial de \u00daltima Esperanza junto a las Secretar\u00edas Regionales Ministeriales de Agricultura, Medio Ambiente y Bienes Nacionales, desarrollaron una presentaci\u00f3n y un conversatorio de los primeros \u201c100 D\u00edas de Gobierno\u201d, en la sede de la Uni\u00f3n Comunal del Adulto Mayor de Puerto Natales, en la que participaron adultas y adultos mayores, representantes de servicios p\u00fablicos y comunidad en general.<\/p>\n\n\n\n<p>Dicha instancia fue liderada por\nla DPP Romina \u00c1lvarez con las seremis Irene Ram\u00edrez, Daniela Droguett y Gloria\nAravena, quienes tuvieron la misi\u00f3n de presentar los hitos m\u00e1s significativos\nde sus carteras en los primeros meses de gesti\u00f3n del Gobierno del Presidente\nGabriel Boric.<\/p>\n\n\n\n<p>La DPP de \u00daltima Esperanza\ndestac\u00f3 que las tem\u00e1ticas que fueron abordadas tuvieron relaci\u00f3n con el trabajo\nque se ha realizado en coordinaci\u00f3n con los ministerios y seremis de la Regi\u00f3n\nde Magallanes, \u201chemos desarrollado un trabajo de di\u00e1logo ciudadano y de escucha\nactiva, que es el eje principal de Gobierno, donde dimos a conocer hitos\nliderados por la Delegaci\u00f3n los cuales recaen en los 3 corredores humanitarios,\nla apertura de los pasos fronterizos Dorotea y R\u00edo Don Guillermo, las gestiones\nde Gobierno en Terreno con el despliegue en distintas partes de la provincia,\ncomo Puerto Ed\u00e9n, Seno Obstrucci\u00f3n, Dorotea, Torres del Paine, como Delegaci\u00f3n,\ncomo tambi\u00e9n con los convenios correspondientes como Servicio Pa\u00eds y\nHabilidades para la Vida 1 y 2\u201d.<\/p>\n\n\n\n<p>Luego se refiri\u00f3 a otros\nprogramas que son ejecutados por la Delegaci\u00f3n como Mascota Protegida que ha\nchipeado y desparasitado a centenares de perros y gatos en la comuna; el\nconvenio que existe con la Seremi de Transportes y Telecomunicaciones de la\noficina de atenci\u00f3n a usuarios de esta cartera y; la nueva ruta que tiene Buses\nFern\u00e1ndez que va desde Natales a Punta Arenas para los usuarios y pacientes del\nHospital Augusto Essmann Burgos los cuales son dejados al interior del recinto\nhospitalario regional. \u201cQuisimos destacar estos hechos que generan un impacto\ndirecto en la ciudadan\u00eda\u201d, destac\u00f3 la DPP \u00c1lvarez.<\/p>\n\n\n\n<p>Por su parte, la seremi de\nAgricultura, Irene Ram\u00edrez se\u00f1al\u00f3 que, \u201cnosotros presentamos los planes y\nprogramas del Plan Siembra Por Chile, que van en apoyo directo de la\nagricultura familiar campesina y a la reactivaci\u00f3n econ\u00f3mica de distintas\nlocalidades, espec\u00edficamente en la condonaci\u00f3n de los intereses en los cr\u00e9ditos\nde Indap\u201d.<\/p>\n\n\n\n<p>Agreg\u00f3 que tambi\u00e9n tiene\nimportancia la iniciativa, Mujeres Sembradoras, \u201ces un plan en conjunto con\nMinisterio de la Mujer y Equidad de G\u00e9nero, y del Ministerio de Agricultura,\npara brindarle apoyo a las mujeres que han sido violentadas en el \u00e1mbito rural,\nfamiliar, donde hay distintos ejes para trabajar coordinadamente con ellas\nd\u00e1ndoles el apoyo que necesitan, principalmente a mujeres que trabajan en el\ncampo en nuestro pa\u00eds y nuestra regi\u00f3n\u201d.<\/p>\n\n\n\n<p>Indic\u00f3 adem\u00e1s que existe un\ntrabajo que se est\u00e1 llevando a cabo para restaurar el bosque nativo, en 2\nhect\u00e1reas en el Parque Nacional Torres del Paine, y en el sector de Laguna Sof\u00eda\nen 5 hect\u00e1reas que fueron afectadas por un incendio, labor que se realiza entre\nConaf e Indap.<\/p>\n\n\n\n<p>En tanto, la seremi de Medio\nAmbiente Daniela Droguett, destac\u00f3 la firma del Acuerdo Escaz\u00fa y la Ley de\nCambio Clim\u00e1tico, aseverando que, \u201cson dos grandes aristas que vienen a marcar\nel funcionamiento de nuestra seremi y desde esa forma, desde lo social,\nambiental y econ\u00f3mico hoy en d\u00eda esperamos que el cambio clim\u00e1tico sea un tema\ntransversal y nos hagamos cargo de lo que estamos viviendo\u201d.<\/p>\n\n\n\n<p>Finalmente, la seremi de Bienes\nNacionales, Gloria Aravena, valor\u00f3 las opiniones de los asistentes a la\nactividad, indicando que es importante escuchar sus inquietudes. <\/p>\n\n\n\n<p>Respecto a la existencia de terrenos de su cartera para la construcci\u00f3n de nuevas poblaciones en Natales, aclar\u00f3 que Bienes Nacionales no cuenta con terrenos. \u201cUna de las l\u00edneas principales del Gobierno, y que ha encargado al Ministerio de Bienes Nacionales, es buscar la forma o las f\u00f3rmulas de recuperar terrenos, si es viable, en distintas localidades para que sean dispuestos para transferencias a Serviu y poder construir viviendas\u201d. <\/p>\n\n\n\n<figure class=\"wp-block-gallery columns-2 is-cropped wp-block-gallery-1 is-layout-flex wp-block-gallery-is-layout-flex\"><ul class=\"blocks-gallery-grid\"><li class=\"blocks-gallery-item\"><figure><img loading=\"lazy\" decoding=\"async\" width=\"1024\" height=\"683\" src=\"https:\/\/www.radiopresidenteibanez.cl\/web\/wp-content\/uploads\/2022\/06\/Dialogo-cuidadano-Natales-1-1024x683.jpg\" alt=\"\" data-id=\"30751\" data-full-url=\"https:\/\/www.radiopresidenteibanez.cl\/web\/wp-content\/uploads\/2022\/06\/Dialogo-cuidadano-Natales-1-scaled.jpg\" data-link=\"https:\/\/www.radiopresidenteibanez.cl\/web\/?attachment_id=30751\" class=\"wp-image-30751\" srcset=\"https:\/\/www.radiopresidenteibanez.cl\/web\/wp-content\/uploads\/2022\/06\/Dialogo-cuidadano-Natales-1-1024x683.jpg 1024w, https:\/\/www.radiopresidenteibanez.cl\/web\/wp-content\/uploads\/2022\/06\/Dialogo-cuidadano-Natales-1-300x200.jpg 300w, https:\/\/www.radiopresidenteibanez.cl\/web\/wp-content\/uploads\/2022\/06\/Dialogo-cuidadano-Natales-1-768x512.jpg 768w, https:\/\/www.radiopresidenteibanez.cl\/web\/wp-content\/uploads\/2022\/06\/Dialogo-cuidadano-Natales-1-1536x1024.jpg 1536w, https:\/\/www.radiopresidenteibanez.cl\/web\/wp-content\/uploads\/2022\/06\/Dialogo-cuidadano-Natales-1-2048x1365.jpg 2048w\" sizes=\"auto, (max-width: 1024px) 100vw, 1024px\" \/><\/figure><\/li><li class=\"blocks-gallery-item\"><figure><img loading=\"lazy\" decoding=\"async\" width=\"1024\" height=\"683\" src=\"https:\/\/www.radiopresidenteibanez.cl\/web\/wp-content\/uploads\/2022\/06\/Dialogo-cuidadano-Natales-1024x683.jpg\" alt=\"\" data-id=\"30750\" data-full-url=\"https:\/\/www.radiopresidenteibanez.cl\/web\/wp-content\/uploads\/2022\/06\/Dialogo-cuidadano-Natales-scaled.jpg\" data-link=\"https:\/\/www.radiopresidenteibanez.cl\/web\/?attachment_id=30750\" class=\"wp-image-30750\" srcset=\"https:\/\/www.radiopresidenteibanez.cl\/web\/wp-content\/uploads\/2022\/06\/Dialogo-cuidadano-Natales-1024x683.jpg 1024w, https:\/\/www.radiopresidenteibanez.cl\/web\/wp-content\/uploads\/2022\/06\/Dialogo-cuidadano-Natales-300x200.jpg 300w, https:\/\/www.radiopresidenteibanez.cl\/web\/wp-content\/uploads\/2022\/06\/Dialogo-cuidadano-Natales-768x512.jpg 768w, https:\/\/www.radiopresidenteibanez.cl\/web\/wp-content\/uploads\/2022\/06\/Dialogo-cuidadano-Natales-1536x1024.jpg 1536w, https:\/\/www.radiopresidenteibanez.cl\/web\/wp-content\/uploads\/2022\/06\/Dialogo-cuidadano-Natales-2048x1365.jpg 2048w\" sizes=\"auto, (max-width: 1024px) 100vw, 1024px\" \/><\/figure><\/li><\/ul><\/figure>\n","protected":false},"excerpt":{"rendered":"<p>Este s\u00e1bado, la Delegaci\u00f3n Presidencial Provincial de \u00daltima Esperanza junto a las Secretar\u00edas Regionales Ministeriales de Agricultura, Medio Ambiente y Bienes Nacionales, desarrollaron una presentaci\u00f3n y un conversatorio de los&#8230; <a class=\"read-more\" href=\"https:\/\/www.radiopresidenteibanez.cl\/web\/gabinete-en-terreno-efectuo-dialogo-ciudadano-en-natales\/\">Leer m\u00e1s<\/a><\/p>\n","protected":false},"author":2,"featured_media":30749,"comment_status":"closed","ping_status":"closed","sticky":false,"template":"","format":"standard","meta":{"footnotes":""},"categories":[1],"tags":[],"class_list":["post-30748","post","type-post","status-publish","format-standard","has-post-thumbnail","hentry","category-cronica"],"_links":{"self":[{"href":"https:\/\/www.radiopresidenteibanez.cl\/web\/wp-json\/wp\/v2\/posts\/30748","targetHints":{"allow":["GET"]}}],"collection":[{"href":"https:\/\/www.radiopresidenteibanez.cl\/web\/wp-json\/wp\/v2\/posts"}],"about":[{"href":"https:\/\/www.radiopresidenteibanez.cl\/web\/wp-json\/wp\/v2\/types\/post"}],"author":[{"embeddable":true,"href":"https:\/\/www.radiopresidenteibanez.cl\/web\/wp-json\/wp\/v2\/users\/2"}],"replies":[{"embeddable":true,"href":"https:\/\/www.radiopresidenteibanez.cl\/web\/wp-json\/wp\/v2\/comments?post=30748"}],"version-history":[{"count":0,"href":"https:\/\/www.radiopresidenteibanez.cl\/web\/wp-json\/wp\/v2\/posts\/30748\/revisions"}],"wp:featuredmedia":[{"embeddable":true,"href":"https:\/\/www.radiopresidenteibanez.cl\/web\/wp-json\/wp\/v2\/media\/30749"}],"wp:attachment":[{"href":"https:\/\/www.radiopresidenteibanez.cl\/web\/wp-json\/wp\/v2\/media?parent=30748"}],"wp:term":[{"taxonomy":"category","embeddable":true,"href":"https:\/\/www.radiopresidenteibanez.cl\/web\/wp-json\/wp\/v2\/categories?post=30748"},{"taxonomy":"post_tag","embeddable":true,"href":"https:\/\/www.radiopresidenteibanez.cl\/web\/wp-json\/wp\/v2\/tags?post=30748"}],"curies":[{"name":"wp","href":"https:\/\/api.w.org\/{rel}","templated":true}]}}