{"id":30732,"date":"2022-06-25T19:55:52","date_gmt":"2022-06-25T22:55:52","guid":{"rendered":"https:\/\/www.radiopresidenteibanez.cl\/web\/?p=30732"},"modified":"2022-06-24T16:00:35","modified_gmt":"2022-06-24T19:00:35","slug":"por-que-tiene-que-postular-a-un-premio-el-tio-valentin-trujillo","status":"publish","type":"post","link":"https:\/\/www.radiopresidenteibanez.cl\/web\/por-que-tiene-que-postular-a-un-premio-el-tio-valentin-trujillo\/","title":{"rendered":"POR QU\u00c9 TIENE QUE POSTULAR A UN PREMIO EL T\u00cdO VALENT\u00cdN TRUJILLO?"},"content":{"rendered":"\n<p>Por estas horas se hace el pa\u00eds una suerte de campa\u00f1a para apoyar al maestro Valent\u00edn Trujillo como&nbsp;<em>\u00abpostulante\u00bb<\/em>&nbsp;al Premio Nacional de M\u00fasica 2022.Resulta incre\u00edble!&nbsp;&nbsp;Hasta doloroso que un se\u00f1or que ha entregado su vida al desarrollo de la m\u00fasica en Chile tenga que&nbsp;<em>\u00abpostular\u00bb<\/em>&nbsp;a un Premio que lo tiene m\u00e1s que merecido.<br>El \u00abt\u00edo\u00bb Valent\u00edn, como se le conoce y se le menciona cari\u00f1osamente, es parte del ADN de nuestro pa\u00eds.&nbsp;<br>Desde los tiempos en que junto al actor Jorge Guerra y su personaje&nbsp;<em>\u00abPin Pon\u00bb<\/em>&nbsp;entregaban cultura en blanco y negro por la televisi\u00f3n a los ni\u00f1os y ni\u00f1as de Chile&nbsp; hasta el hecho de ser part\u00edcipe directo de muchas actividades en apoyo a las nuevas generaciones de m\u00fasicos.<br>Con su piano a puesto la melod\u00eda necesaria a nuestro diario vivir.<br>Si al preguntarle a cualquier ciudadano, cualquier mortal, sobre qu\u00e9 opina de que el \u00abt\u00edo\u00bb Valent\u00edn deba \u00abpostularse\u00bb para obtener un Premio que ya tiene m\u00e1s que ganado, no cabe duda que la respuesta ser\u00e1:&nbsp;<strong>\u00abEl Premio es de \u00e9l, sin concurso ni postulaci\u00f3n\u00bb.<\/strong>Son estas situaciones las&nbsp; que nos deben hacer alzar la voz y pedir y por qu\u00e9 no&nbsp;<strong>\u00abExigir<\/strong>\u00bb que \u00e9se Premio le sea otorgado (sin concurso ni postulaci\u00f3n)&nbsp; a un gran artista, lleno de consecuencia y solidaridad con su gente, don Valent\u00edn Trujillo S\u00e1nchez,&nbsp;pianista, compositor, arreglador y director de orquesta. Eterno m\u00fasico!<\/p>\n\n\n\n<p><\/p>\n","protected":false},"excerpt":{"rendered":"<p>Por estas horas se hace el pa\u00eds una suerte de campa\u00f1a para apoyar al maestro Valent\u00edn Trujillo como&nbsp;\u00abpostulante\u00bb&nbsp;al Premio Nacional de M\u00fasica 2022.Resulta incre\u00edble!&nbsp;&nbsp;Hasta doloroso que un se\u00f1or que ha&#8230; <a class=\"read-more\" href=\"https:\/\/www.radiopresidenteibanez.cl\/web\/por-que-tiene-que-postular-a-un-premio-el-tio-valentin-trujillo\/\">Leer m\u00e1s<\/a><\/p>\n","protected":false},"author":2,"featured_media":30733,"comment_status":"closed","ping_status":"closed","sticky":false,"template":"","format":"standard","meta":{"footnotes":""},"categories":[1],"tags":[],"class_list":["post-30732","post","type-post","status-publish","format-standard","has-post-thumbnail","hentry","category-cronica"],"_links":{"self":[{"href":"https:\/\/www.radiopresidenteibanez.cl\/web\/wp-json\/wp\/v2\/posts\/30732","targetHints":{"allow":["GET"]}}],"collection":[{"href":"https:\/\/www.radiopresidenteibanez.cl\/web\/wp-json\/wp\/v2\/posts"}],"about":[{"href":"https:\/\/www.radiopresidenteibanez.cl\/web\/wp-json\/wp\/v2\/types\/post"}],"author":[{"embeddable":true,"href":"https:\/\/www.radiopresidenteibanez.cl\/web\/wp-json\/wp\/v2\/users\/2"}],"replies":[{"embeddable":true,"href":"https:\/\/www.radiopresidenteibanez.cl\/web\/wp-json\/wp\/v2\/comments?post=30732"}],"version-history":[{"count":0,"href":"https:\/\/www.radiopresidenteibanez.cl\/web\/wp-json\/wp\/v2\/posts\/30732\/revisions"}],"wp:featuredmedia":[{"embeddable":true,"href":"https:\/\/www.radiopresidenteibanez.cl\/web\/wp-json\/wp\/v2\/media\/30733"}],"wp:attachment":[{"href":"https:\/\/www.radiopresidenteibanez.cl\/web\/wp-json\/wp\/v2\/media?parent=30732"}],"wp:term":[{"taxonomy":"category","embeddable":true,"href":"https:\/\/www.radiopresidenteibanez.cl\/web\/wp-json\/wp\/v2\/categories?post=30732"},{"taxonomy":"post_tag","embeddable":true,"href":"https:\/\/www.radiopresidenteibanez.cl\/web\/wp-json\/wp\/v2\/tags?post=30732"}],"curies":[{"name":"wp","href":"https:\/\/api.w.org\/{rel}","templated":true}]}}