{"id":30724,"date":"2022-06-25T15:43:17","date_gmt":"2022-06-25T18:43:17","guid":{"rendered":"https:\/\/www.radiopresidenteibanez.cl\/web\/?p=30724"},"modified":"2022-06-24T15:44:53","modified_gmt":"2022-06-24T18:44:53","slug":"gascoeduca-cierra-su-primer-semestre-de-visitas-en-punta-arenas","status":"publish","type":"post","link":"https:\/\/www.radiopresidenteibanez.cl\/web\/gascoeduca-cierra-su-primer-semestre-de-visitas-en-punta-arenas\/","title":{"rendered":"GascoEduca cierra su primer semestre de visitas en Punta Arenas"},"content":{"rendered":"\n<p>El programa educativo GascoEduca de Fundaci\u00f3n Gasco, realiz\u00f3 las \u00faltimas visitas mediadas de primer semestre academico en su muestra permanente y laboratorio de experiencias al interior del museo Maggiorino Borgatello. Este a\u00f1o se retomaron las visitas presenciales, consiguiendo un gran inter\u00e9s de alumnos de todos los niveles y grupos cient\u00edficos, donde en total se recibieron m\u00e1s de 150 los alumnos que visitaron el programa.<\/p>\n\n\n\n<p>Con la visita de alumnos de Pre Kinder de la Escuela Especial de Lenguaje Lerun Talj se dio por finalizado el primer semestre del a\u00f1o escolar. Jennifer Concha, Educadora de p\u00e1rvulos de la Escuela Lerun Talj, coment\u00f3 que su establecimiento cuenta con sello medio ambiental, lo que permite ense\u00f1ar a sus estudiantes tem\u00e1ticas relacionadas con el cuidado del medio ambiente, el uso de las energ\u00edas y el cuidado de estas. &nbsp;Me pareci\u00f3 una actividad muy interesante en tem\u00e1ticas de cuidado de medio ambiente y de las energ\u00edas, estoy agradecida del programa y su equipo por tan destacada actividad.<\/p>\n\n\n\n<p>Por otra parte, Karla \u00c1lvarez Jefe de Proyectos de Educaci\u00f3n en Energ\u00eda y Patrimonio de Fundaci\u00f3n Gasco, destac\u00f3 la realizaci\u00f3n de actividades presenciales con los alumnos y la comunidad de Punta Arenas, adem\u00e1s de la participaci\u00f3n en el evento del D\u00eda de los Patrimonios donde se consigui\u00f3 un gran n\u00famero de asistentes.&nbsp; Finalmente, Claudio Villegas Coordinador del Programa en Magallanes invito a la comunidad educativa a que se inscriba sus visitas para el segundo semestre acad\u00e9mico al correo&nbsp;<a href=\"mailto:gascoeducamagallanes@gasco.cl\" target=\"_blank\" rel=\"noreferrer noopener\">gascoeducamagallanes@gasco.cl<\/a>&nbsp;&nbsp;<\/p>\n","protected":false},"excerpt":{"rendered":"<p>El programa educativo GascoEduca de Fundaci\u00f3n Gasco, realiz\u00f3 las \u00faltimas visitas mediadas de primer semestre academico en su muestra permanente y laboratorio de experiencias al interior del museo Maggiorino Borgatello&#8230;. <a class=\"read-more\" href=\"https:\/\/www.radiopresidenteibanez.cl\/web\/gascoeduca-cierra-su-primer-semestre-de-visitas-en-punta-arenas\/\">Leer m\u00e1s<\/a><\/p>\n","protected":false},"author":2,"featured_media":30725,"comment_status":"closed","ping_status":"closed","sticky":false,"template":"","format":"standard","meta":{"footnotes":""},"categories":[1],"tags":[],"class_list":["post-30724","post","type-post","status-publish","format-standard","has-post-thumbnail","hentry","category-cronica"],"_links":{"self":[{"href":"https:\/\/www.radiopresidenteibanez.cl\/web\/wp-json\/wp\/v2\/posts\/30724","targetHints":{"allow":["GET"]}}],"collection":[{"href":"https:\/\/www.radiopresidenteibanez.cl\/web\/wp-json\/wp\/v2\/posts"}],"about":[{"href":"https:\/\/www.radiopresidenteibanez.cl\/web\/wp-json\/wp\/v2\/types\/post"}],"author":[{"embeddable":true,"href":"https:\/\/www.radiopresidenteibanez.cl\/web\/wp-json\/wp\/v2\/users\/2"}],"replies":[{"embeddable":true,"href":"https:\/\/www.radiopresidenteibanez.cl\/web\/wp-json\/wp\/v2\/comments?post=30724"}],"version-history":[{"count":0,"href":"https:\/\/www.radiopresidenteibanez.cl\/web\/wp-json\/wp\/v2\/posts\/30724\/revisions"}],"wp:featuredmedia":[{"embeddable":true,"href":"https:\/\/www.radiopresidenteibanez.cl\/web\/wp-json\/wp\/v2\/media\/30725"}],"wp:attachment":[{"href":"https:\/\/www.radiopresidenteibanez.cl\/web\/wp-json\/wp\/v2\/media?parent=30724"}],"wp:term":[{"taxonomy":"category","embeddable":true,"href":"https:\/\/www.radiopresidenteibanez.cl\/web\/wp-json\/wp\/v2\/categories?post=30724"},{"taxonomy":"post_tag","embeddable":true,"href":"https:\/\/www.radiopresidenteibanez.cl\/web\/wp-json\/wp\/v2\/tags?post=30724"}],"curies":[{"name":"wp","href":"https:\/\/api.w.org\/{rel}","templated":true}]}}