{"id":30706,"date":"2022-06-24T19:12:00","date_gmt":"2022-06-24T22:12:00","guid":{"rendered":"https:\/\/www.radiopresidenteibanez.cl\/web\/?p=30706"},"modified":"2022-06-24T12:27:41","modified_gmt":"2022-06-24T15:27:41","slug":"con-un-562-de-los-votos-jose-maripani-fue-electo-rector-de-la-universidad-de-magallanes","status":"publish","type":"post","link":"https:\/\/www.radiopresidenteibanez.cl\/web\/con-un-562-de-los-votos-jose-maripani-fue-electo-rector-de-la-universidad-de-magallanes\/","title":{"rendered":"CON UN 56,2% DE LOS VOTOS, JOSE MARIPANI FUE ELECTO RECTOR DE LA UNIVERSIDAD DE MAGALLANES"},"content":{"rendered":"\n<p>En una jornada que se extendi\u00f3 durante 8 horas ininterrumpidas, este jueves 23 de junio, 208 de 240 &nbsp;acad\u00e9micos y acad\u00e9micas de la instituci\u00f3n de educaci\u00f3n superior habilitados para sufragar,&nbsp;<strong>eligieron a Jos\u00e9 Maripani Maripani, como el nuevo rector de la Universidad de Magallanes<\/strong>&nbsp;(UMAG) para el per\u00edodo 2022-2026. De esta forma, el candidato, se impuso con&nbsp;<strong>117 votos<\/strong>&nbsp;ante sus contendoras Mar\u00eda Soledad Astorga (55) y Margarita Makuc (33), obteniendo el&nbsp;<strong>56,25%<\/strong>&nbsp;de las preferencias.<\/p>\n\n\n\n<p>\u201cLa verdad es que \u00e9ste es un gran triunfo de la Universidad y de todos los miembros de la comunidad universitaria por cuanto ha sido un trabajo y una actividad democr\u00e1tica, y eso realmente nos alegra much\u00edsimo. Tambi\u00e9n sentimos cercana a la comunidad regional que se ha interesado en su Universidad, lo que nos parece muy importante y, por tanto, es uno de los temas en los que tenemos que avanzar, en c\u00f3mo, esta Universidad, es la Universidad de todas y todos los magall\u00e1nicos\u201d, manifest\u00f3 el rector electo apenas el conteo defini\u00f3 el resultado favorable a su candidatura.<\/p>\n\n\n\n<p>Los comicios, que tuvieron lugar en el edificio de Rector\u00eda \u201cRoberto Bravo Navarro\u201d se desarrollaron con absoluta normalidad, alcanzado un nivel de participaci\u00f3n del&nbsp;<strong>86,31% del universo de votantes<\/strong>. Al respecto, la presidenta del Comit\u00e9 Electoral, Mar\u00eda Cristina Furrianca, valor\u00f3 el alcance que tuvo esta elecci\u00f3n en la comunidad acad\u00e9mica y lo catalog\u00f3 como \u201cun porcentaje hist\u00f3rico\u201d, dado que no se hab\u00eda logrado, en instancias anteriores, cifras parecidas de representaci\u00f3n. Adem\u00e1s, aplaudi\u00f3 que haya un sido un proceso en el que tambi\u00e9n se involucrara el estamento de las y los funcionarios no acad\u00e9micos, participando de diversos espacios de di\u00e1logo y comunicaci\u00f3n con las y los aspirantes a la Rector\u00eda.<\/p>\n\n\n\n<p><strong>Desaf\u00edos inmediatos<\/strong><\/p>\n\n\n\n<p>Entre los agradecimientos y sensaciones que declar\u00f3 el rector electo en sus primeras palabras a los medios locales, destac\u00f3 no s\u00f3lo la mirada de futuro de la UMAG, sino que la necesidad de alcances mayores niveles de participaci\u00f3n de la comunidad en el quehacer del gobierno universitario.<strong>\u201c<\/strong>Sin lugar a dudas son muchas las personas que participaron para construir un programa que nos trate de representar a todos y creo que tenemos que seguir construyendo y avanzando en un sistema que sea lo m\u00e1s representativo de cada uno de los miembros de esta comunidad\u201d, expres\u00f3.<\/p>\n\n\n\n<p>En ese sentido, remarc\u00f3 que \u201cen lo que tenemos que pensar ahora es en la unidad de la Universidad, en c\u00f3mo nuestra Universidad se proyecta en el tiempo y c\u00f3mo podemos, bajo esta perspectiva pensar en lo m\u00e1s importante que son nuestros estudiantes. Qu\u00e9 hacemos para que nuestros estudiantes tengan una mejor formaci\u00f3n para que se sientan orgullosos de su Universidad\u201d. As\u00ed, m\u00e1s adelante, celebr\u00f3 el proceso de organizaci\u00f3n estudiantil, afirmando que \u201ces muy relevante su participaci\u00f3n, sabemos que est\u00e1n en etapa de constituir Federaci\u00f3n,&nbsp; y queremos invitarlos a que sigan en esta senda de la democracia\u201d.<\/p>\n\n\n\n<p>Otro de los desaf\u00edos a corto plazo, ser\u00e1, igualmente, el tema financiero. \u201cEs un a\u00f1o que termina y los a\u00f1os que terminan necesitan recursos, as\u00ed que hay que pensar c\u00f3mo se obtienen recursos para cerrar el a\u00f1o. Se acerca una Ley de Presupuestos y queremos que las universidades de zonas extremas est\u00e9n presentes en esa Ley de Presupuestos tal vez con alguna glosa especial as\u00ed que creo yo eso son temas muy relevantes para nosotros como Universidad\u201d, puntualiz\u00f3.<\/p>\n\n\n\n<p>En cuanto a los programas rectorales de las candidatas Astorga y Makuc, la nueva autoridad universitaria (a partir de agosto), asegur\u00f3 que tomar\u00e1 las buenas ideas de ambas candidaturas y las incorporar\u00e1 dentro de sus propuestas para los pr\u00f3ximos cuatro a\u00f1os.<\/p>\n","protected":false},"excerpt":{"rendered":"<p>En una jornada que se extendi\u00f3 durante 8 horas ininterrumpidas, este jueves 23 de junio, 208 de 240 &nbsp;acad\u00e9micos y acad\u00e9micas de la instituci\u00f3n de educaci\u00f3n superior habilitados para sufragar,&nbsp;eligieron&#8230; <a class=\"read-more\" href=\"https:\/\/www.radiopresidenteibanez.cl\/web\/con-un-562-de-los-votos-jose-maripani-fue-electo-rector-de-la-universidad-de-magallanes\/\">Leer m\u00e1s<\/a><\/p>\n","protected":false},"author":2,"featured_media":30707,"comment_status":"closed","ping_status":"closed","sticky":false,"template":"","format":"standard","meta":{"footnotes":""},"categories":[1],"tags":[],"class_list":["post-30706","post","type-post","status-publish","format-standard","has-post-thumbnail","hentry","category-cronica"],"_links":{"self":[{"href":"https:\/\/www.radiopresidenteibanez.cl\/web\/wp-json\/wp\/v2\/posts\/30706","targetHints":{"allow":["GET"]}}],"collection":[{"href":"https:\/\/www.radiopresidenteibanez.cl\/web\/wp-json\/wp\/v2\/posts"}],"about":[{"href":"https:\/\/www.radiopresidenteibanez.cl\/web\/wp-json\/wp\/v2\/types\/post"}],"author":[{"embeddable":true,"href":"https:\/\/www.radiopresidenteibanez.cl\/web\/wp-json\/wp\/v2\/users\/2"}],"replies":[{"embeddable":true,"href":"https:\/\/www.radiopresidenteibanez.cl\/web\/wp-json\/wp\/v2\/comments?post=30706"}],"version-history":[{"count":0,"href":"https:\/\/www.radiopresidenteibanez.cl\/web\/wp-json\/wp\/v2\/posts\/30706\/revisions"}],"wp:featuredmedia":[{"embeddable":true,"href":"https:\/\/www.radiopresidenteibanez.cl\/web\/wp-json\/wp\/v2\/media\/30707"}],"wp:attachment":[{"href":"https:\/\/www.radiopresidenteibanez.cl\/web\/wp-json\/wp\/v2\/media?parent=30706"}],"wp:term":[{"taxonomy":"category","embeddable":true,"href":"https:\/\/www.radiopresidenteibanez.cl\/web\/wp-json\/wp\/v2\/categories?post=30706"},{"taxonomy":"post_tag","embeddable":true,"href":"https:\/\/www.radiopresidenteibanez.cl\/web\/wp-json\/wp\/v2\/tags?post=30706"}],"curies":[{"name":"wp","href":"https:\/\/api.w.org\/{rel}","templated":true}]}}