{"id":30700,"date":"2022-06-24T00:47:00","date_gmt":"2022-06-24T03:47:00","guid":{"rendered":"https:\/\/www.radiopresidenteibanez.cl\/web\/?p=30700"},"modified":"2022-06-24T12:20:06","modified_gmt":"2022-06-24T15:20:06","slug":"guitarrista-de-rock-blues-jeff-beck-en-el-ultimo-tren-a-casa","status":"publish","type":"post","link":"https:\/\/www.radiopresidenteibanez.cl\/web\/guitarrista-de-rock-blues-jeff-beck-en-el-ultimo-tren-a-casa\/","title":{"rendered":"GUITARRISTA DE ROCK\/BLUES JEFF BECK EN EL \u00daLTIMO TREN A CASA"},"content":{"rendered":"\n<p>\n\nEste viernes 19 hrs. (de Magallanes) el programa&nbsp;&nbsp;<em>\u201cEl \u00faltimo tren a casa\u201d&nbsp;&nbsp;<\/em>&nbsp;que produce el Colectivo Aczi\u00f3n Kultural&nbsp;&nbsp;y&nbsp;&nbsp;que conduce Pedro Guichapany en radio Presidente Ib\u00e1\u00f1ez&nbsp; presenta&nbsp; una&nbsp; edici\u00f3n dedicada al guitarrista&nbsp; y&nbsp; compositor de rock y blues&nbsp;&nbsp;<strong>JEFF BECK<\/strong>&nbsp;nacido un 24 de junio de 1944 en Londres, Inglaterra, es decir cumple 78 a\u00f1os.<br>Es uno de los tres notables guitarristas que tocaron en el grupo&nbsp;<em>\u201cThe Yardbirds\u201d<\/em>, siendo Eric Clapton y Jimmy Page los otros dos.Durante 25 a\u00f1os ha mantenido una espor\u00e1dica carrera en solitario. A pesar de no haber alcanzado nunca la proyecci\u00f3n comercial de sus contempor\u00e1neos, Jeff Beck ha tenido un gran reconocimiento, especialmente en la comunidad de guitarristas.\u200b Ha experimentado con el blues rock, el rockabilly, el heavy metal y el jazz fusi\u00f3n y recientemente ha absorbido influencias del techno, creando una innovadora mezcla de m\u00fasica heavy metal y m\u00fasica electr\u00f3nica.<\/p>\n\n\n\n<p>Jeff Beck ha participado en \u00e1lbumes de artistas como Rod Stewart, Mick Jagger, Tina Turner, Morrissey, Donovan, Diana Ross, Kate Bush, Roger Waters, Stevie Wonder, Les Paul, Brian May, Roger Taylor, Stanley Clarke, ZZ Top, entre otros.<\/p>\n\n\n\n<p>Entre los premios que ha ganado se cuentan 5 Premios Grammy.<\/p>\n\n\n\n<p>Al contrario que otros guitarristas, Jeff Beck no se basa excesivamente en efectos electr\u00f3nicos. \u00c9l produce una amplia variedad de sonidos usando sus dedos y el vibrato de su Fender Stratocaster&nbsp;<em>\u201cJeff Beck Signature<\/em>\u201d. En un comienzo, Jeff Beck le hac\u00eda un corte con una hojita de afeitar al parlante para producir distorsi\u00f3n con su equipo. Esto suced\u00eda en la d\u00e9cada de 1960. M\u00e1s tarde llegaron los primeros pedales de efecto, por lo que a partir de su aparici\u00f3n, usa frecuentemente un pedal&nbsp;<em>wah-wah<\/em>&nbsp;tanto en estudio como en vivo.<\/p>\n\n\n\n<p>El programa mostrar\u00e1 sin cortes ni interrupciones el \u00e1lbum&nbsp;&nbsp;<em><strong>\u201cJeff Beck with Jan Hammer Group Live\u201d<\/strong><\/em>, que es el resultado de la gira que comenz\u00f3 en junio de 1976 y finaliz\u00f3 en febrero de 1977, con 117 espect\u00e1culos realizados.<br><\/p>\n","protected":false},"excerpt":{"rendered":"<p>Este viernes 19 hrs. (de Magallanes) el programa&nbsp;&nbsp;\u201cEl \u00faltimo tren a casa\u201d&nbsp;&nbsp;&nbsp;que produce el Colectivo Aczi\u00f3n Kultural&nbsp;&nbsp;y&nbsp;&nbsp;que conduce Pedro Guichapany en radio Presidente Ib\u00e1\u00f1ez&nbsp; presenta&nbsp; una&nbsp; edici\u00f3n dedicada al guitarrista&nbsp;&#8230; <a class=\"read-more\" href=\"https:\/\/www.radiopresidenteibanez.cl\/web\/guitarrista-de-rock-blues-jeff-beck-en-el-ultimo-tren-a-casa\/\">Leer m\u00e1s<\/a><\/p>\n","protected":false},"author":2,"featured_media":30701,"comment_status":"closed","ping_status":"closed","sticky":false,"template":"","format":"standard","meta":{"footnotes":""},"categories":[1],"tags":[],"class_list":["post-30700","post","type-post","status-publish","format-standard","has-post-thumbnail","hentry","category-cronica"],"_links":{"self":[{"href":"https:\/\/www.radiopresidenteibanez.cl\/web\/wp-json\/wp\/v2\/posts\/30700","targetHints":{"allow":["GET"]}}],"collection":[{"href":"https:\/\/www.radiopresidenteibanez.cl\/web\/wp-json\/wp\/v2\/posts"}],"about":[{"href":"https:\/\/www.radiopresidenteibanez.cl\/web\/wp-json\/wp\/v2\/types\/post"}],"author":[{"embeddable":true,"href":"https:\/\/www.radiopresidenteibanez.cl\/web\/wp-json\/wp\/v2\/users\/2"}],"replies":[{"embeddable":true,"href":"https:\/\/www.radiopresidenteibanez.cl\/web\/wp-json\/wp\/v2\/comments?post=30700"}],"version-history":[{"count":0,"href":"https:\/\/www.radiopresidenteibanez.cl\/web\/wp-json\/wp\/v2\/posts\/30700\/revisions"}],"wp:featuredmedia":[{"embeddable":true,"href":"https:\/\/www.radiopresidenteibanez.cl\/web\/wp-json\/wp\/v2\/media\/30701"}],"wp:attachment":[{"href":"https:\/\/www.radiopresidenteibanez.cl\/web\/wp-json\/wp\/v2\/media?parent=30700"}],"wp:term":[{"taxonomy":"category","embeddable":true,"href":"https:\/\/www.radiopresidenteibanez.cl\/web\/wp-json\/wp\/v2\/categories?post=30700"},{"taxonomy":"post_tag","embeddable":true,"href":"https:\/\/www.radiopresidenteibanez.cl\/web\/wp-json\/wp\/v2\/tags?post=30700"}],"curies":[{"name":"wp","href":"https:\/\/api.w.org\/{rel}","templated":true}]}}