{"id":3070,"date":"2019-04-05T15:32:28","date_gmt":"2019-04-05T15:32:28","guid":{"rendered":"http:\/\/www.radiopresidenteibanez.cl\/web\/?p=3070"},"modified":"2019-04-05T15:33:11","modified_gmt":"2019-04-05T15:33:11","slug":"provechosa-resulto-visita-de-enviados-del-ministerio-de-educacion-para-proyectar-una-nueva-escuela-bernardo-ohiggins","status":"publish","type":"post","link":"https:\/\/www.radiopresidenteibanez.cl\/web\/provechosa-resulto-visita-de-enviados-del-ministerio-de-educacion-para-proyectar-una-nueva-escuela-bernardo-ohiggins\/","title":{"rendered":"PROVECHOSA RESULT\u00d3 VISITA DE ENVIADOS DEL MINISTERIO DE EDUCACI\u00d3N PARA PROYECTAR UNA NUEVA ESCUELA BERNARDO O\u2019HIGGINS"},"content":{"rendered":"\n<p>Hasta Porvenir llegaron los profesionales del\n\u00e1rea constructiva del Ministerio de educaci\u00f3n que fueron prometidos por la\nministra del ramo para apreciar en in situ las actuales condiciones en que se\nencuentra la escuela Bernardo O\u2019Higgins de la comuna.<\/p>\n\n\n\n<p>La primera reuni\u00f3n se efectu\u00f3 en la\nmunicipalidad, donde participaron la jefa comunal, concejales, profesionales de\nla Dom, Secplac y los emisarios del ministerio. Luego de eso se trasladaron\nhasta la colegio b\u00e1sico de la comuna acompa\u00f1ados por el director del\nestablecimiento.<\/p>\n\n\n\n<p>Se recorri\u00f3 en forma completa la escuela para\nque los profesionales que llegaron desde Santiago tengan una imagen clara de\nlas carencias de espacios f\u00edsicos y los efectos que la antig\u00fcedad ha\ndesmejorado el establecimiento educacional fueguino.<\/p>\n\n\n\n<p>En relaci\u00f3n a esto la alcaldesa de Porvenir,\nMarisol Andrade C\u00e1rdenas, se\u00f1al\u00f3 \u201cque la buena noticia es que los s\u00e9ptimos y\noctavos b\u00e1sicos permanecer\u00e1n en la escuela, de esta manera no se realizar\u00e1 el\nseis m\u00e1s seis que se hab\u00eda anunciado en su oportunidad\u201d. A\u00f1adi\u00f3 la edil \u201c que\nesto da tranquilidad para los estudiantes y apoderados de los cursos\nmencionados\u201d.<\/p>\n\n\n\n<p>Tambi\u00e9n se hablo de la necesidad de lo que se\nrequiere para entregar una satisfacci\u00f3n adecuada para poder desempe\u00f1ar las\njornadas escolares como corresponde, con dignidad para los estudiantes,\nprofesorado y los asistentes de la educaci\u00f3n.<\/p>\n\n\n\n<p>La primera autoridad comunal, indic\u00f3 \u201cque se\nesta hablando de un nuevo sistema de construcci\u00f3n de origen europeo, que es un\nsistema el cual se va construyendo por partes\u201d; aclar\u00f3 \u201cque no es modular es\npor paneles y se les solicit\u00f3 que se respeten los espacios antiguos del\ncolegio, que se considere que esto se pueda rescatar porque es parte de la\nhistoria de la comuna solicitud muy bien acogida y por parte de los\nfuncionarios del ministerio\u201d.<\/p>\n\n\n\n<p>La autoridad edilicia, conf\u00eda que se llegara a\nun buen termino con el tema de la escuela Bernardo O\u2019Higgins como un plantel\neducacional nuevo.<\/p>\n\n\n\n<p>Lo que se pretende realizar a la brevedad es un ante proyecto, luego de eso se licitar\u00e1 el dise\u00f1o y posteriormente la ejecuci\u00f3n que se desarrollar\u00eda en un a\u00f1o y medio m\u00e1s aproximadamente. <\/p>\n\n\n\n<figure class=\"wp-block-image\"><img loading=\"lazy\" decoding=\"async\" width=\"1024\" height=\"573\" src=\"https:\/\/www.radiopresidenteibanez.cl\/web\/wp-content\/uploads\/2019\/04\/Escuela-1024x573.png\" alt=\"\" class=\"wp-image-3071\" srcset=\"https:\/\/www.radiopresidenteibanez.cl\/web\/wp-content\/uploads\/2019\/04\/Escuela-1024x573.png 1024w, https:\/\/www.radiopresidenteibanez.cl\/web\/wp-content\/uploads\/2019\/04\/Escuela-300x168.png 300w, https:\/\/www.radiopresidenteibanez.cl\/web\/wp-content\/uploads\/2019\/04\/Escuela-768x430.png 768w, https:\/\/www.radiopresidenteibanez.cl\/web\/wp-content\/uploads\/2019\/04\/Escuela.png 1440w\" sizes=\"auto, (max-width: 1024px) 100vw, 1024px\" \/><\/figure>\n","protected":false},"excerpt":{"rendered":"<p>Hasta Porvenir llegaron los profesionales del \u00e1rea constructiva del Ministerio de educaci\u00f3n que fueron prometidos por la ministra del ramo para apreciar en in situ las actuales condiciones en que&#8230; <a class=\"read-more\" href=\"https:\/\/www.radiopresidenteibanez.cl\/web\/provechosa-resulto-visita-de-enviados-del-ministerio-de-educacion-para-proyectar-una-nueva-escuela-bernardo-ohiggins\/\">Leer m\u00e1s<\/a><\/p>\n","protected":false},"author":2,"featured_media":3071,"comment_status":"closed","ping_status":"closed","sticky":false,"template":"","format":"standard","meta":{"footnotes":""},"categories":[1],"tags":[],"class_list":["post-3070","post","type-post","status-publish","format-standard","has-post-thumbnail","hentry","category-cronica"],"_links":{"self":[{"href":"https:\/\/www.radiopresidenteibanez.cl\/web\/wp-json\/wp\/v2\/posts\/3070","targetHints":{"allow":["GET"]}}],"collection":[{"href":"https:\/\/www.radiopresidenteibanez.cl\/web\/wp-json\/wp\/v2\/posts"}],"about":[{"href":"https:\/\/www.radiopresidenteibanez.cl\/web\/wp-json\/wp\/v2\/types\/post"}],"author":[{"embeddable":true,"href":"https:\/\/www.radiopresidenteibanez.cl\/web\/wp-json\/wp\/v2\/users\/2"}],"replies":[{"embeddable":true,"href":"https:\/\/www.radiopresidenteibanez.cl\/web\/wp-json\/wp\/v2\/comments?post=3070"}],"version-history":[{"count":0,"href":"https:\/\/www.radiopresidenteibanez.cl\/web\/wp-json\/wp\/v2\/posts\/3070\/revisions"}],"wp:featuredmedia":[{"embeddable":true,"href":"https:\/\/www.radiopresidenteibanez.cl\/web\/wp-json\/wp\/v2\/media\/3071"}],"wp:attachment":[{"href":"https:\/\/www.radiopresidenteibanez.cl\/web\/wp-json\/wp\/v2\/media?parent=3070"}],"wp:term":[{"taxonomy":"category","embeddable":true,"href":"https:\/\/www.radiopresidenteibanez.cl\/web\/wp-json\/wp\/v2\/categories?post=3070"},{"taxonomy":"post_tag","embeddable":true,"href":"https:\/\/www.radiopresidenteibanez.cl\/web\/wp-json\/wp\/v2\/tags?post=3070"}],"curies":[{"name":"wp","href":"https:\/\/api.w.org\/{rel}","templated":true}]}}