{"id":30678,"date":"2022-06-24T08:26:36","date_gmt":"2022-06-24T11:26:36","guid":{"rendered":"https:\/\/www.radiopresidenteibanez.cl\/web\/?p=30678"},"modified":"2022-06-24T08:26:42","modified_gmt":"2022-06-24T11:26:42","slug":"encuentros-empresariales-de-magallanes-reafirman-el-compromiso-de-sectores-productivos-de-la-region-con-la-educacion-tecnico-profesional","status":"publish","type":"post","link":"https:\/\/www.radiopresidenteibanez.cl\/web\/encuentros-empresariales-de-magallanes-reafirman-el-compromiso-de-sectores-productivos-de-la-region-con-la-educacion-tecnico-profesional\/","title":{"rendered":"ENCUENTROS EMPRESARIALES DE MAGALLANES REAFIRMAN EL COMPROMISO DE SECTORES PRODUCTIVOS DE LA REGION CON LA EDUCACION TECNICO PROFESIONAL"},"content":{"rendered":"\n<p>Desde 2012, ONG Canales desarrolla en\nel pa\u00eds, un modelo de intervenci\u00f3n que tiene por objetivo potenciar la\nEducaci\u00f3n Media T\u00e9cnico Profesional (EMPT) a trav\u00e9s de la articulaci\u00f3n y\nvinculaci\u00f3n con empresas, gremios, instituciones de educaci\u00f3n superior y otros\nactores relevantes del territorio. En la regi\u00f3n de Magallanes se comenz\u00f3 el\ntrabajo en 2014, generando alianzas con diferentes sectores productivos.<\/p>\n\n\n\n<p>El objetivo del encuentro fue\nreconocer los importantes avances que la articulaci\u00f3n y vinculaci\u00f3n de las\nempresas, gremios e industrias han logrado en los m\u00e1s de mil estudiantes\nt\u00e9cnicos de la regi\u00f3n, as\u00ed como perfilar los desaf\u00edos de desarrollo para Magallanes.<\/p>\n\n\n\n<p>Uno de los fundadores de ONG Canales\ny su actual presidente, el director ejecutivo de empresas Oxxean Jorge Pacheco,\npresent\u00f3 ante los asistentes las motivaciones que lo llevaron -hace ya 10 a\u00f1os-\na convocar a otros empresarios para conectar al mundo de la educaci\u00f3n con el\nmundo del trabajo. <em>\u201cNunca pens\u00e9 que\ncambiar la educaci\u00f3n era tan lento. Pero cada vez estamos m\u00e1s convencidos que\npodremos mejorar la calidad de nuestros t\u00e9cnicos y t\u00e9cnicas con un trabajo\nconjunto que involucre al Estado y al mundo privado\u201d. <\/em><\/p>\n\n\n\n<p><em>\u201cTenemos un\nsistema educativo que todav\u00eda es muy te\u00f3rico y la Educaci\u00f3n TP es mitad y\nmitad: necesita la parte pr\u00e1ctica\u201d<\/em>, agreg\u00f3 el empresario. <em>\u201cAh\u00ed es donde nosotros, como ONG Canales buscamos apoyar. Tenemos cada\nvez m\u00e1s empresas asociadas, pero nos faltan m\u00e1s. Ojal\u00e1 que nuestros campos, los\nhoteles, los hospitales, y las f\u00e1bricas sean nuestras salas de clase. As\u00ed es\ncomo los pa\u00edses desarrollados han logrado tener t\u00e9cnicos de alto nivel. Y Chile\nnecesita t\u00e9cnicos de alto nivel\u201d, <\/em>concluy\u00f3.<\/p>\n\n\n\n<p>A la cita en Punta Arenas acudieron\nrepresentantes de las empresas Methanex, Dreams, DAP, Simunovic, Enap, Total\nEren, Kaufmann, Gasco, Australis, Concremag, Cormupa, y Frasal, quienes\nreafirmaron su compromiso con las y los estudiantes de las 16 especialidades\nt\u00e9cnicas impartidas en los 9 establecimientos de Educaci\u00f3n Media T\u00e9cnico\nProfesional de la regi\u00f3n. <\/p>\n\n\n\n<p>Alejandra Tironi, representante de\nMethanex particip\u00f3 del encuentro y manifest\u00f3 que \u201ce<em>l trabajo de Canales y su rol de puente entre formadores y empleadores\nes fundamental. Conocer a su fundador y un poco las experiencias y motivaciones\nde las otras empresas que los apoyan fue muy enriquecedor. Gracias y hasta\notros 10 a\u00f1os, ONG Canales\u201d.<\/em><\/p>\n\n\n\n<p>Finalmente, Daniela Torres, directora\nregional de la ONG Canales en Magallanes, agradeci\u00f3 la presencia de todas las\nempresas, las que han aportado con acciones que permiten intervenir la\nformaci\u00f3n de las y los estudiantes: <em>\u201cMa\u00f1ana\nnos vamos a Puerto Natales, a reunirnos con m\u00e1s empresarios que se la han\njugado y han estado trabajando con la Educaci\u00f3n T\u00e9cnico Profesional, all\u00e1.\nAgradecemos a todos por el compromiso que han tenido y el trabajo compartido\ncon la ONG y esperamos reforzar nuestros lazos para seguir aportando al\ndesarrollo de la regi\u00f3n a trav\u00e9s del fortalecimiento de la Educaci\u00f3n TP\u201d. <\/em><\/p>\n","protected":false},"excerpt":{"rendered":"<p>Desde 2012, ONG Canales desarrolla en el pa\u00eds, un modelo de intervenci\u00f3n que tiene por objetivo potenciar la Educaci\u00f3n Media T\u00e9cnico Profesional (EMPT) a trav\u00e9s de la articulaci\u00f3n y vinculaci\u00f3n&#8230; <a class=\"read-more\" href=\"https:\/\/www.radiopresidenteibanez.cl\/web\/encuentros-empresariales-de-magallanes-reafirman-el-compromiso-de-sectores-productivos-de-la-region-con-la-educacion-tecnico-profesional\/\">Leer m\u00e1s<\/a><\/p>\n","protected":false},"author":2,"featured_media":30679,"comment_status":"closed","ping_status":"closed","sticky":false,"template":"","format":"standard","meta":{"footnotes":""},"categories":[1],"tags":[],"class_list":["post-30678","post","type-post","status-publish","format-standard","has-post-thumbnail","hentry","category-cronica"],"_links":{"self":[{"href":"https:\/\/www.radiopresidenteibanez.cl\/web\/wp-json\/wp\/v2\/posts\/30678","targetHints":{"allow":["GET"]}}],"collection":[{"href":"https:\/\/www.radiopresidenteibanez.cl\/web\/wp-json\/wp\/v2\/posts"}],"about":[{"href":"https:\/\/www.radiopresidenteibanez.cl\/web\/wp-json\/wp\/v2\/types\/post"}],"author":[{"embeddable":true,"href":"https:\/\/www.radiopresidenteibanez.cl\/web\/wp-json\/wp\/v2\/users\/2"}],"replies":[{"embeddable":true,"href":"https:\/\/www.radiopresidenteibanez.cl\/web\/wp-json\/wp\/v2\/comments?post=30678"}],"version-history":[{"count":0,"href":"https:\/\/www.radiopresidenteibanez.cl\/web\/wp-json\/wp\/v2\/posts\/30678\/revisions"}],"wp:featuredmedia":[{"embeddable":true,"href":"https:\/\/www.radiopresidenteibanez.cl\/web\/wp-json\/wp\/v2\/media\/30679"}],"wp:attachment":[{"href":"https:\/\/www.radiopresidenteibanez.cl\/web\/wp-json\/wp\/v2\/media?parent=30678"}],"wp:term":[{"taxonomy":"category","embeddable":true,"href":"https:\/\/www.radiopresidenteibanez.cl\/web\/wp-json\/wp\/v2\/categories?post=30678"},{"taxonomy":"post_tag","embeddable":true,"href":"https:\/\/www.radiopresidenteibanez.cl\/web\/wp-json\/wp\/v2\/tags?post=30678"}],"curies":[{"name":"wp","href":"https:\/\/api.w.org\/{rel}","templated":true}]}}