{"id":30653,"date":"2022-06-23T10:23:00","date_gmt":"2022-06-23T13:23:00","guid":{"rendered":"https:\/\/www.radiopresidenteibanez.cl\/web\/?p=30653"},"modified":"2022-06-23T09:53:38","modified_gmt":"2022-06-23T12:53:38","slug":"funcionarios-hospital-clinico-se-forman-en-fragilidad-en-adulto-mayor-buscan-pesquisar-e-identificar-para-realizar-intervencion-clinica","status":"publish","type":"post","link":"https:\/\/www.radiopresidenteibanez.cl\/web\/funcionarios-hospital-clinico-se-forman-en-fragilidad-en-adulto-mayor-buscan-pesquisar-e-identificar-para-realizar-intervencion-clinica\/","title":{"rendered":"FUNCIONARIOS HOSPITAL CLINICO SE FORMAN EN \u201cFRAGILIDAD EN ADULTO MAYOR\u201d: BUSCAN PESQUISAR E IDENTIFICAR PARA REALIZAR INTERVENCION CLINICA"},"content":{"rendered":"\n<p>Una capacitaci\u00f3n denominada\n\u201cFragilidad en el Adulto Mayor\u201d dirigida a funcionarios del Hospital Cl\u00ednico\nMagallanes compuesto por: kinesi\u00f3logos, terapeutas ocupacionales,\nfonoaudi\u00f3logos, fisiatras y enfermeros, dict\u00f3 la m\u00e9dica geriatra doctora Paola\nBalc\u00e1zar, en el auditorio Dr. Carlos Banse del Hospital Cl\u00ednico.<\/p>\n\n\n\n<p><br>\nEl objetivo principal fue formar a los equipos de rehabilitaci\u00f3n para poder\nidentificar y pesquisar la fragilidad, principalmente en adultos mayores para\nluego realizar intervenci\u00f3n cl\u00ednica.<\/p>\n\n\n\n<p><br>\n\u201cLa fragilidad es s\u00faper importante porque es un estado de vulnerabilidad que se\npresenta en adultos mayores. Cuando tienen menor reserva funcional -m\u00e1s de la\nque disminuye con el envejecimiento- es importante pesquisarla porque frente a\neste estado de vulnerabilidad y ante posible hospitalizaci\u00f3n, enfermedad aguda\no cirug\u00eda, determinar\u00e1 su pron\u00f3stico\u201d, explica la geriatra del Hospital\nCl\u00ednico.<\/p>\n\n\n\n<p><br>\nLa especialista enfatiza que la fragilidad est\u00e1 asociada a desenlaces\nnegativos: mayor discapacidad, dependencia, riesgo de ca\u00eddas, delirium y\/o\ndesenlace de muerte.<\/p>\n\n\n\n<p><br> \u201cEs importante poder identificarla porque con esa informaci\u00f3n se pueden tomar decisiones terap\u00e9uticas, si en el fondo se va a beneficiar de un tratamiento u otro; y la idea es poder utilizar la fragilidad como concepto para definir manejos y no basarse solo en la edad del paciente\u201d, agrega la Dra. Balc\u00e1zar.<\/p>\n\n\n\n<p><br> Este tipo de capacitaciones tambi\u00e9n se ha realizado con especialistas en Cardiolog\u00eda para definir los manejos del paciente, conocer cu\u00e1les de sus pacientes son fr\u00e1giles o no, con los tratamientos a definir. Adem\u00e1s, han existido acercamientos con el equipo de Cirug\u00eda para entregar criterios de derivaci\u00f3n a Geriatr\u00eda.<\/p>\n","protected":false},"excerpt":{"rendered":"<p>Una capacitaci\u00f3n denominada \u201cFragilidad en el Adulto Mayor\u201d dirigida a funcionarios del Hospital Cl\u00ednico Magallanes compuesto por: kinesi\u00f3logos, terapeutas ocupacionales, fonoaudi\u00f3logos, fisiatras y enfermeros, dict\u00f3 la m\u00e9dica geriatra doctora Paola&#8230; <a class=\"read-more\" href=\"https:\/\/www.radiopresidenteibanez.cl\/web\/funcionarios-hospital-clinico-se-forman-en-fragilidad-en-adulto-mayor-buscan-pesquisar-e-identificar-para-realizar-intervencion-clinica\/\">Leer m\u00e1s<\/a><\/p>\n","protected":false},"author":2,"featured_media":30654,"comment_status":"closed","ping_status":"closed","sticky":false,"template":"","format":"standard","meta":{"footnotes":""},"categories":[1],"tags":[],"class_list":["post-30653","post","type-post","status-publish","format-standard","has-post-thumbnail","hentry","category-cronica"],"_links":{"self":[{"href":"https:\/\/www.radiopresidenteibanez.cl\/web\/wp-json\/wp\/v2\/posts\/30653","targetHints":{"allow":["GET"]}}],"collection":[{"href":"https:\/\/www.radiopresidenteibanez.cl\/web\/wp-json\/wp\/v2\/posts"}],"about":[{"href":"https:\/\/www.radiopresidenteibanez.cl\/web\/wp-json\/wp\/v2\/types\/post"}],"author":[{"embeddable":true,"href":"https:\/\/www.radiopresidenteibanez.cl\/web\/wp-json\/wp\/v2\/users\/2"}],"replies":[{"embeddable":true,"href":"https:\/\/www.radiopresidenteibanez.cl\/web\/wp-json\/wp\/v2\/comments?post=30653"}],"version-history":[{"count":0,"href":"https:\/\/www.radiopresidenteibanez.cl\/web\/wp-json\/wp\/v2\/posts\/30653\/revisions"}],"wp:featuredmedia":[{"embeddable":true,"href":"https:\/\/www.radiopresidenteibanez.cl\/web\/wp-json\/wp\/v2\/media\/30654"}],"wp:attachment":[{"href":"https:\/\/www.radiopresidenteibanez.cl\/web\/wp-json\/wp\/v2\/media?parent=30653"}],"wp:term":[{"taxonomy":"category","embeddable":true,"href":"https:\/\/www.radiopresidenteibanez.cl\/web\/wp-json\/wp\/v2\/categories?post=30653"},{"taxonomy":"post_tag","embeddable":true,"href":"https:\/\/www.radiopresidenteibanez.cl\/web\/wp-json\/wp\/v2\/tags?post=30653"}],"curies":[{"name":"wp","href":"https:\/\/api.w.org\/{rel}","templated":true}]}}