{"id":30649,"date":"2022-06-23T09:39:35","date_gmt":"2022-06-23T12:39:35","guid":{"rendered":"https:\/\/www.radiopresidenteibanez.cl\/web\/?p=30649"},"modified":"2022-06-23T09:39:40","modified_gmt":"2022-06-23T12:39:40","slug":"sindicato-trabajadores-de-enap-consiguio-exponer-en-comision-de-mineria-y-energia-de-la-camara-de-diputados","status":"publish","type":"post","link":"https:\/\/www.radiopresidenteibanez.cl\/web\/sindicato-trabajadores-de-enap-consiguio-exponer-en-comision-de-mineria-y-energia-de-la-camara-de-diputados\/","title":{"rendered":"SINDICATO TRABAJADORES DE ENAP CONSIGUIO EXPONER EN COMISION DE MINERIA Y ENERGIA DE LA CAMARA DE DIPUTADOS"},"content":{"rendered":"\n<p>En dependencias de la sede del sindicato de trabajadores de Enap Magallanes, se llev\u00f3 a cabo una reuni\u00f3n de trabajo entre la directiva sindical y el diputado, Cristi\u00e1n Matheson, con el fin de analizar los casos p\u00fablicamente conocidos por parte de la empresa en el \u00faltimo tiempo y adem\u00e1s confirmar la exposici\u00f3n de los trabajadores enapinos magall\u00e1nicos en la comisi\u00f3n de miner\u00eda y energ\u00eda, sobre las irregularidades producidas en el \u00faltimo tiempo y siendo denunciada por los trabajadores como los contratos Ecopter, dejando fuera a una empresa regional de excelencia como DAP y adem\u00e1s de otros contratos que son objeto de cuestionamiento donde se entregar\u00e1n todos los antecedentes. \u201cHoy no queremos que se repita la historia y por ello agradecemos la gentileza del diputado de invitarnos a la comisi\u00f3n a exponer y trasparentar todos estas tem\u00e1ticas\u201d, declar\u00f3 el presidente del sindicato, Carlos Aro. <\/p>\n","protected":false},"excerpt":{"rendered":"<p>En dependencias de la sede del sindicato de trabajadores de Enap Magallanes, se llev\u00f3 a cabo una reuni\u00f3n de trabajo entre la directiva sindical y el diputado, Cristi\u00e1n Matheson, con&#8230; <a class=\"read-more\" href=\"https:\/\/www.radiopresidenteibanez.cl\/web\/sindicato-trabajadores-de-enap-consiguio-exponer-en-comision-de-mineria-y-energia-de-la-camara-de-diputados\/\">Leer m\u00e1s<\/a><\/p>\n","protected":false},"author":2,"featured_media":30650,"comment_status":"closed","ping_status":"closed","sticky":false,"template":"","format":"standard","meta":{"footnotes":""},"categories":[1],"tags":[],"class_list":["post-30649","post","type-post","status-publish","format-standard","has-post-thumbnail","hentry","category-cronica"],"_links":{"self":[{"href":"https:\/\/www.radiopresidenteibanez.cl\/web\/wp-json\/wp\/v2\/posts\/30649","targetHints":{"allow":["GET"]}}],"collection":[{"href":"https:\/\/www.radiopresidenteibanez.cl\/web\/wp-json\/wp\/v2\/posts"}],"about":[{"href":"https:\/\/www.radiopresidenteibanez.cl\/web\/wp-json\/wp\/v2\/types\/post"}],"author":[{"embeddable":true,"href":"https:\/\/www.radiopresidenteibanez.cl\/web\/wp-json\/wp\/v2\/users\/2"}],"replies":[{"embeddable":true,"href":"https:\/\/www.radiopresidenteibanez.cl\/web\/wp-json\/wp\/v2\/comments?post=30649"}],"version-history":[{"count":0,"href":"https:\/\/www.radiopresidenteibanez.cl\/web\/wp-json\/wp\/v2\/posts\/30649\/revisions"}],"wp:featuredmedia":[{"embeddable":true,"href":"https:\/\/www.radiopresidenteibanez.cl\/web\/wp-json\/wp\/v2\/media\/30650"}],"wp:attachment":[{"href":"https:\/\/www.radiopresidenteibanez.cl\/web\/wp-json\/wp\/v2\/media?parent=30649"}],"wp:term":[{"taxonomy":"category","embeddable":true,"href":"https:\/\/www.radiopresidenteibanez.cl\/web\/wp-json\/wp\/v2\/categories?post=30649"},{"taxonomy":"post_tag","embeddable":true,"href":"https:\/\/www.radiopresidenteibanez.cl\/web\/wp-json\/wp\/v2\/tags?post=30649"}],"curies":[{"name":"wp","href":"https:\/\/api.w.org\/{rel}","templated":true}]}}