{"id":30640,"date":"2022-06-22T17:44:00","date_gmt":"2022-06-22T20:44:00","guid":{"rendered":"https:\/\/www.radiopresidenteibanez.cl\/web\/?p=30640"},"modified":"2022-06-22T15:48:08","modified_gmt":"2022-06-22T18:48:08","slug":"el-18-de-la-fuerza-de-trabajo-en-magallanes-se-considera-perteneciente-a-algun-pueblo-indigena","status":"publish","type":"post","link":"https:\/\/www.radiopresidenteibanez.cl\/web\/el-18-de-la-fuerza-de-trabajo-en-magallanes-se-considera-perteneciente-a-algun-pueblo-indigena\/","title":{"rendered":"EL 18 % DE LA FUERZA DE TRABAJO EN MAGALLANES SE CONSIDERA PERTENECIENTE A ALGUN PUEBLO INDIGENA"},"content":{"rendered":"\n<p>Estos y otros\ndatos son los que se pueden encontrar en el Bolet\u00edn publicado por elObservatorio\nLaboral de SENCE en Magallanes, ejecutado por INACAP, en el marco de la\nconmemoraci\u00f3n del D\u00eda Nacional de los Pueblos Ind\u00edgenas y que recoge datos de la encuesta de Caracterizaci\u00f3n\nSocioecon\u00f3mica, CASEN en pandemia, del a\u00f1o 2020. En esta fuente se puede\nidentificar <em>qui\u00e9nes consideran pertenecer o ser descendientes de alg\u00fan\npueblo ind\u00edgena.<\/em><\/p>\n\n\n\n<p>Seg\u00fan este reporte, el 18 % de la fuerza de trabajo se considera\nperteneciente a alg\u00fan pueblo ind\u00edgena en Magallanes, de los cuales un 92,5% se considera\ncomo Mapuche.<\/p>\n\n\n\n<p>El 91.7% que personas que pertenecen a pueblos originarios en la regi\u00f3n\nvive en zonas urbanas, y tienen un 11.9% a\u00f1os de escolaridad promedio. El 74%\nde ocupados pertenecientes a pueblos ind\u00edgenas trabaj\u00f3 en el sector Terciario,\ndentro del cual los servicios sociales y personales concentran el 23% de ese\ntotal.<\/p>\n\n\n\n<p>Para una mayor\nprofundizaci\u00f3n de estos datos, el Observatorio Laboral de Sence en Magallanes,\ntiene disponible esta publicaci\u00f3n en: <a href=\"https:\/\/www.observatorionacional.cl\/publicaciones\/2599\">https:\/\/www.observatorionacional.cl\/publicaciones\/2599<\/a>.\nTambi\u00e9n puede ser solicitado al correo electr\u00f3nico: <a href=\"mailto:olmagallanes@inacap.cl\">olmagallanes@inacap.cl<\/a><\/p>\n","protected":false},"excerpt":{"rendered":"<p>Estos y otros datos son los que se pueden encontrar en el Bolet\u00edn publicado por elObservatorio Laboral de SENCE en Magallanes, ejecutado por INACAP, en el marco de la conmemoraci\u00f3n&#8230; <a class=\"read-more\" href=\"https:\/\/www.radiopresidenteibanez.cl\/web\/el-18-de-la-fuerza-de-trabajo-en-magallanes-se-considera-perteneciente-a-algun-pueblo-indigena\/\">Leer m\u00e1s<\/a><\/p>\n","protected":false},"author":2,"featured_media":30641,"comment_status":"closed","ping_status":"closed","sticky":false,"template":"","format":"standard","meta":{"footnotes":""},"categories":[1],"tags":[],"class_list":["post-30640","post","type-post","status-publish","format-standard","has-post-thumbnail","hentry","category-cronica"],"_links":{"self":[{"href":"https:\/\/www.radiopresidenteibanez.cl\/web\/wp-json\/wp\/v2\/posts\/30640","targetHints":{"allow":["GET"]}}],"collection":[{"href":"https:\/\/www.radiopresidenteibanez.cl\/web\/wp-json\/wp\/v2\/posts"}],"about":[{"href":"https:\/\/www.radiopresidenteibanez.cl\/web\/wp-json\/wp\/v2\/types\/post"}],"author":[{"embeddable":true,"href":"https:\/\/www.radiopresidenteibanez.cl\/web\/wp-json\/wp\/v2\/users\/2"}],"replies":[{"embeddable":true,"href":"https:\/\/www.radiopresidenteibanez.cl\/web\/wp-json\/wp\/v2\/comments?post=30640"}],"version-history":[{"count":0,"href":"https:\/\/www.radiopresidenteibanez.cl\/web\/wp-json\/wp\/v2\/posts\/30640\/revisions"}],"wp:featuredmedia":[{"embeddable":true,"href":"https:\/\/www.radiopresidenteibanez.cl\/web\/wp-json\/wp\/v2\/media\/30641"}],"wp:attachment":[{"href":"https:\/\/www.radiopresidenteibanez.cl\/web\/wp-json\/wp\/v2\/media?parent=30640"}],"wp:term":[{"taxonomy":"category","embeddable":true,"href":"https:\/\/www.radiopresidenteibanez.cl\/web\/wp-json\/wp\/v2\/categories?post=30640"},{"taxonomy":"post_tag","embeddable":true,"href":"https:\/\/www.radiopresidenteibanez.cl\/web\/wp-json\/wp\/v2\/tags?post=30640"}],"curies":[{"name":"wp","href":"https:\/\/api.w.org\/{rel}","templated":true}]}}