{"id":3064,"date":"2019-04-05T15:13:11","date_gmt":"2019-04-05T15:13:11","guid":{"rendered":"http:\/\/www.radiopresidenteibanez.cl\/web\/?p=3064"},"modified":"2019-04-05T15:13:38","modified_gmt":"2019-04-05T15:13:38","slug":"servicios-publicos-y-profesionales-de-la-cormupa-se-capacitaron-en-eficiencia-energetica-y-buenas-practicas-para-el-uso-de-la-energia","status":"publish","type":"post","link":"https:\/\/www.radiopresidenteibanez.cl\/web\/servicios-publicos-y-profesionales-de-la-cormupa-se-capacitaron-en-eficiencia-energetica-y-buenas-practicas-para-el-uso-de-la-energia\/","title":{"rendered":"SERVICIOS P\u00daBLICOS Y PROFESIONALES DE LA CORMUPA SE CAPACITARON EN EFICIENCIA ENERG\u00c9TICA Y BUENAS PR\u00c1CTICAS PARA EL USO DE LA ENERG\u00cdA"},"content":{"rendered":"\n<p>Esta semana, en dependencias de APROCIN, y luego de presentar los 67 diagn\u00f3sticos energ\u00e9ticos y analizar la factibilidad de introducir cogeneraci\u00f3n y\/o medidas de eficiencia energ\u00e9tica en edificaciones p\u00fablicas, se desarroll\u00f3 el\u201cTaller Educativo en Conocimientos B\u00e1sicos de Eficiencia Energ\u00e9tica y Buenas Pr\u00e1cticas del uso de la Energ\u00eda\u201d.<\/p>\n\n\n\n<p>La instancia estuvo a cargo de los&nbsp;profesionales del Programa de Eficiencia Energ\u00e9tica y Energ\u00edas Renovables de la Seremi de Energ\u00eda, que financia el Gobierno Regional y la Agencia de Sostenibilidad Energ\u00e9tica.<\/p>\n\n\n\n<p>En la ocasi\u00f3n, se expusieron los principales hallazgos levantados y, junto con ello, las recomendaciones en torno al uso de calefacci\u00f3n, agua potable, iluminaci\u00f3n y gesti\u00f3n de la energ\u00eda&nbsp; en edificios p\u00fablicos y municipales. &nbsp;&nbsp;<\/p>\n\n\n\n<p>A esta actividad asistieron profesionales de la CORMUPA, de Servicios P\u00fablicos tales como&nbsp; el Registro Civil, JUNJI, GORE, SAG, DGAC, directores y jefes de UTP de los establecimientos educacionales pertenecientes a Corporaci\u00f3n Municipal&nbsp; y la Agencia de Sostenibilidad Energ\u00e9tica.&nbsp;<\/p>\n\n\n\n<p><strong>EMPEZANDO A IMPLEMENTAR<\/strong><\/p>\n\n\n\n<p>Seg\u00fan la profesional del Programa de Eficiencia Energ\u00e9tica de la Seremi de Energ\u00eda, Mar\u00eda Alicia Aguilar, \u201cjunto con nuestros colegas de la Agencia de Sostenibilidad Energ\u00e9tica estamos evaluando y analizando cada una de las medidas que se obtuvieron luego de las auditor\u00edas energ\u00e9ticas, de tal manera de poder determinar cu\u00e1les son las que se aplicar\u00e1n en los establecimientos y dependencias analizadas, en cuanto a su factibilidad t\u00e9cnica-econ\u00f3mica y as\u00ed beneficiar a la mayor cantidad de edificaciones estudiadas\u201d.<\/p>\n\n\n\n<p>En tanto, el Seremi de Energ\u00eda de Magallanes, Nolberto S\u00e1ez, destac\u00f3 el apoyo del Gobierno Regional para \u201cpotenciar estas iniciativas que favorecen a la regi\u00f3n en varios sentidos: ahorros econ\u00f3micos, reducci\u00f3n de emisiones contaminantes y fortalecimiento de una cultura de la eficiencia energ\u00e9tica como propulsor de cambios de h\u00e1bitos y gesti\u00f3n responsable de los recursos energ\u00e9ticos\u201d, apunt\u00f3 S\u00e1ez. &nbsp;&nbsp;<\/p>\n\n\n\n<p>S\u00e1ez valor\u00f3 adem\u00e1s la disposici\u00f3n de sus profesionales junto con el compromiso que los servicios p\u00fablicos y los funcionarios de la CORMUPA han tenido para con el programa.<\/p>\n\n\n\n<p>\u201cEstamos realizando un gratificante esfuerzo que ha tenido muy buena respuesta y compromiso de parte de todos los participantes. El Gobierno del Presidente Sebasti\u00e1n Pi\u00f1era ha extendido, a trav\u00e9s de nuestra Ministra Susana Jim\u00e9nez, una invitaci\u00f3n a que juntos materialicemos los lineamientos de la Ruta Energ\u00e9tica 2018-2022\u201d, subray\u00f3 el titular regional de Energ\u00eda.<\/p>\n\n\n\n<p>Lineamientos que fueron destacados por Marcia Vel\u00e1squez&nbsp;Kroeger, docente y coordinadora de Educaci\u00f3n Ambiental de la Escuela Villa Las Nieves, en este contexto dijo que el taller de capacitaci\u00f3n liderado por la Seremi de Energ\u00eda le parec\u00eda muy interesante, \u201cporque &nbsp;nos proporciona informaci\u00f3n y herramientas para poder usar mejor la energ\u00eda\u201d.<\/p>\n\n\n\n<p>Vel\u00e1squez agreg\u00f3 que \u201cen nuestro caso particular -de un establecimiento educacional-, este tema es muy pertinente, pues nos permite crear un plan de manejo eficiente de la energ\u00eda, dise\u00f1ando actividades concretas donde podemos involucrar a toda la comunidad educativa\u201d.<\/p>\n\n\n\n<p>\u201cPor otra parte es totalmente posible incorporar este tema en las diferentes asignaturas del curr\u00edculo y as\u00ed nos permite educar a los ni\u00f1os en materia de eficiencia energ\u00e9tica\u201d, cerr\u00f3 Vel\u00e1squez.<\/p>\n\n\n\n<figure class=\"wp-block-image\"><img loading=\"lazy\" decoding=\"async\" width=\"900\" height=\"675\" src=\"https:\/\/www.radiopresidenteibanez.cl\/web\/wp-content\/uploads\/2019\/04\/TALLER-EN-MATERIA-ENERG\u00c9TICA-SSPP.jpg\" alt=\"\" class=\"wp-image-3065\" srcset=\"https:\/\/www.radiopresidenteibanez.cl\/web\/wp-content\/uploads\/2019\/04\/TALLER-EN-MATERIA-ENERG\u00c9TICA-SSPP.jpg 900w, https:\/\/www.radiopresidenteibanez.cl\/web\/wp-content\/uploads\/2019\/04\/TALLER-EN-MATERIA-ENERG\u00c9TICA-SSPP-300x225.jpg 300w, https:\/\/www.radiopresidenteibanez.cl\/web\/wp-content\/uploads\/2019\/04\/TALLER-EN-MATERIA-ENERG\u00c9TICA-SSPP-768x576.jpg 768w\" sizes=\"auto, (max-width: 900px) 100vw, 900px\" \/><\/figure>\n","protected":false},"excerpt":{"rendered":"<p>Esta semana, en dependencias de APROCIN, y luego de presentar los 67 diagn\u00f3sticos energ\u00e9ticos y analizar la factibilidad de introducir cogeneraci\u00f3n y\/o medidas de eficiencia energ\u00e9tica en edificaciones p\u00fablicas, se&#8230; <a class=\"read-more\" href=\"https:\/\/www.radiopresidenteibanez.cl\/web\/servicios-publicos-y-profesionales-de-la-cormupa-se-capacitaron-en-eficiencia-energetica-y-buenas-practicas-para-el-uso-de-la-energia\/\">Leer m\u00e1s<\/a><\/p>\n","protected":false},"author":2,"featured_media":3065,"comment_status":"closed","ping_status":"closed","sticky":false,"template":"","format":"standard","meta":{"footnotes":""},"categories":[1],"tags":[],"class_list":["post-3064","post","type-post","status-publish","format-standard","has-post-thumbnail","hentry","category-cronica"],"_links":{"self":[{"href":"https:\/\/www.radiopresidenteibanez.cl\/web\/wp-json\/wp\/v2\/posts\/3064","targetHints":{"allow":["GET"]}}],"collection":[{"href":"https:\/\/www.radiopresidenteibanez.cl\/web\/wp-json\/wp\/v2\/posts"}],"about":[{"href":"https:\/\/www.radiopresidenteibanez.cl\/web\/wp-json\/wp\/v2\/types\/post"}],"author":[{"embeddable":true,"href":"https:\/\/www.radiopresidenteibanez.cl\/web\/wp-json\/wp\/v2\/users\/2"}],"replies":[{"embeddable":true,"href":"https:\/\/www.radiopresidenteibanez.cl\/web\/wp-json\/wp\/v2\/comments?post=3064"}],"version-history":[{"count":0,"href":"https:\/\/www.radiopresidenteibanez.cl\/web\/wp-json\/wp\/v2\/posts\/3064\/revisions"}],"wp:featuredmedia":[{"embeddable":true,"href":"https:\/\/www.radiopresidenteibanez.cl\/web\/wp-json\/wp\/v2\/media\/3065"}],"wp:attachment":[{"href":"https:\/\/www.radiopresidenteibanez.cl\/web\/wp-json\/wp\/v2\/media?parent=3064"}],"wp:term":[{"taxonomy":"category","embeddable":true,"href":"https:\/\/www.radiopresidenteibanez.cl\/web\/wp-json\/wp\/v2\/categories?post=3064"},{"taxonomy":"post_tag","embeddable":true,"href":"https:\/\/www.radiopresidenteibanez.cl\/web\/wp-json\/wp\/v2\/tags?post=3064"}],"curies":[{"name":"wp","href":"https:\/\/api.w.org\/{rel}","templated":true}]}}