{"id":30637,"date":"2022-06-22T16:57:00","date_gmt":"2022-06-22T19:57:00","guid":{"rendered":"https:\/\/www.radiopresidenteibanez.cl\/web\/?p=30637"},"modified":"2022-06-22T15:42:27","modified_gmt":"2022-06-22T18:42:27","slug":"fiscalia-se-reunio-con-medicos-del-hospital-dr-marcos-chamorro-de-porvenir","status":"publish","type":"post","link":"https:\/\/www.radiopresidenteibanez.cl\/web\/fiscalia-se-reunio-con-medicos-del-hospital-dr-marcos-chamorro-de-porvenir\/","title":{"rendered":"FISCALIA SE REUNIO CON MEDICOS DEL HOSPITAL Dr. MARCOS CHAMORRO DE PORVENIR"},"content":{"rendered":"\n<p>Con el fin de\nprofundizar conocimiento respecto de las caracter\u00edsticas de algunos tipos de\ndelitos y a la obligaci\u00f3n de denunciar de los funcionarios p\u00fablicos,\nrepresentantes de la Fiscal\u00eda se reunieron con m\u00e9dicos y funcionarios del\nHospital Doctor Marcos Chamorro de Porvenir.<\/p>\n\n\n\n<p>En\nla oportunidad el abogado Asistente&nbsp;\nFiscal de Porvenir, Sebasti\u00e1n Mar\u00edn, se refiri\u00f3 especialmente a los cuasi delitos, a las conducciones en estado\nebriedad, a los delitos sexuales, a los diferentes tipos de lesiones y a la\nviolencia intrafamiliar, entre otros.<\/p>\n\n\n\n<p>Cabe indicar que este tipo de charlas se\nest\u00e1n realizando en toda la regi\u00f3n con el fin de coordinar esfuerzos\ninstitucionales y disipar dudas.<\/p>\n","protected":false},"excerpt":{"rendered":"<p>Con el fin de profundizar conocimiento respecto de las caracter\u00edsticas de algunos tipos de delitos y a la obligaci\u00f3n de denunciar de los funcionarios p\u00fablicos, representantes de la Fiscal\u00eda se&#8230; <a class=\"read-more\" href=\"https:\/\/www.radiopresidenteibanez.cl\/web\/fiscalia-se-reunio-con-medicos-del-hospital-dr-marcos-chamorro-de-porvenir\/\">Leer m\u00e1s<\/a><\/p>\n","protected":false},"author":2,"featured_media":30638,"comment_status":"closed","ping_status":"closed","sticky":false,"template":"","format":"standard","meta":{"footnotes":""},"categories":[1],"tags":[],"class_list":["post-30637","post","type-post","status-publish","format-standard","has-post-thumbnail","hentry","category-cronica"],"_links":{"self":[{"href":"https:\/\/www.radiopresidenteibanez.cl\/web\/wp-json\/wp\/v2\/posts\/30637","targetHints":{"allow":["GET"]}}],"collection":[{"href":"https:\/\/www.radiopresidenteibanez.cl\/web\/wp-json\/wp\/v2\/posts"}],"about":[{"href":"https:\/\/www.radiopresidenteibanez.cl\/web\/wp-json\/wp\/v2\/types\/post"}],"author":[{"embeddable":true,"href":"https:\/\/www.radiopresidenteibanez.cl\/web\/wp-json\/wp\/v2\/users\/2"}],"replies":[{"embeddable":true,"href":"https:\/\/www.radiopresidenteibanez.cl\/web\/wp-json\/wp\/v2\/comments?post=30637"}],"version-history":[{"count":0,"href":"https:\/\/www.radiopresidenteibanez.cl\/web\/wp-json\/wp\/v2\/posts\/30637\/revisions"}],"wp:featuredmedia":[{"embeddable":true,"href":"https:\/\/www.radiopresidenteibanez.cl\/web\/wp-json\/wp\/v2\/media\/30638"}],"wp:attachment":[{"href":"https:\/\/www.radiopresidenteibanez.cl\/web\/wp-json\/wp\/v2\/media?parent=30637"}],"wp:term":[{"taxonomy":"category","embeddable":true,"href":"https:\/\/www.radiopresidenteibanez.cl\/web\/wp-json\/wp\/v2\/categories?post=30637"},{"taxonomy":"post_tag","embeddable":true,"href":"https:\/\/www.radiopresidenteibanez.cl\/web\/wp-json\/wp\/v2\/tags?post=30637"}],"curies":[{"name":"wp","href":"https:\/\/api.w.org\/{rel}","templated":true}]}}