{"id":30634,"date":"2022-06-22T15:39:00","date_gmt":"2022-06-22T18:39:00","guid":{"rendered":"https:\/\/www.radiopresidenteibanez.cl\/web\/?p=30634"},"modified":"2022-06-22T15:36:19","modified_gmt":"2022-06-22T18:36:19","slug":"tomas-marzan-en-el-ultimo-tren-a-casa-musica-poesia-y-fotografia","status":"publish","type":"post","link":"https:\/\/www.radiopresidenteibanez.cl\/web\/tomas-marzan-en-el-ultimo-tren-a-casa-musica-poesia-y-fotografia\/","title":{"rendered":"TOM\u00c1S MARZAN EN EL \u00daLTIMO TREN A CASA:                            M\u00daSICA, POES\u00cdA y FOTOGRAF\u00cdA"},"content":{"rendered":"\n<p>\n\nEste jueves 23 de junio 19 hrs. (de Magallanes)&nbsp; en el programa&nbsp;<em>\u00abEl \u00faltimo tren a casa<\/em>\u00bb que produce el Colectivo Aczi\u00f3n Kultural&nbsp; y&nbsp; que conduce Pedro Guichapany en radio Presidente Ib\u00e1\u00f1ez presenta una edici\u00f3n con el joven artista regional&nbsp;<strong>TOM\u00c1S M. MARZAN<\/strong>&nbsp; quien en el mes de mayo lanz\u00f3 su primera producci\u00f3n llamada&nbsp;<em><strong>\u00abAbandono\u00bb<\/strong><\/em>&nbsp; que incluye composiciones en piano, poes\u00eda y fotograf\u00eda an\u00e1loga, todo realizado por \u00e9l mismo.<br>&nbsp;Tom\u00e1s Mu\u00f1oz Marzan, de profesi\u00f3n realizador cinematogr\u00e1fico ha participado en m\u00e1s de 60 proyectos que abarcan cortometrajes y largometrajes tanto en ficci\u00f3n como documental.<\/p>\n\n\n\n<p>Desde peque\u00f1o se desenvolvi\u00f3 en la m\u00fasica, a los nueve a\u00f1os empec\u00e9 a estudiar bater\u00eda con N\u00e9stor Castro, luego sigui\u00f3 estudios con Alejandro Buvinic hasta los 15 a\u00f1os. En la Universidad fue baterista de la banda de&nbsp;<em>\u201cJazz Carne Extra\u00f1a\u201d&nbsp;<\/em>y la banda de Death Metal Mel\u00f3dico&nbsp;<em>\u201cMindpath<\/em>\u201d.&nbsp;&nbsp;Retom\u00f3 los estudios musicales estudiando dos a\u00f1os de percusi\u00f3n cl\u00e1sica con Sergio Ojeda y a los 22 comenz\u00f3 a estudiar Piano y Composici\u00f3n con Karina Contreras, con quien lleva 5 a\u00f1os de ense\u00f1anza. Tambi\u00e9n ese mismo a\u00f1o estudi\u00f3 un a\u00f1o de teor\u00eda de la m\u00fasica popular en la academia m\u00fasica online de Berklee.<\/p>\n\n\n\n<p>Ha compuesto y grabado otras 56 piezas musicales tanto para mis proyectos personales como para clientes audiovisuales y teatro.<\/p>\n\n\n\n<p>Algunas piezas musicales se pueden escuchar en su instagram, t<em>omasmmarzan<\/em>, en sui canal de youtube&nbsp;<em>Tomas M. Marzan Films &amp; Arts<\/em>, en su bandcamp&nbsp;<a href=\"http:\/\/programdata.bandcamp.com\/\" target=\"_blank\" rel=\"noreferrer noopener\">Programdata.bandcamp.com<\/a>, y en youtube bajo el nombre de&nbsp;<em>\u00abAdenos &#8211; D\u00edas de ni\u00f1ez\u00bb<\/em>&nbsp;un compilatorio de canciones que grab\u00f3 en su adolescencia.<\/p>\n","protected":false},"excerpt":{"rendered":"<p>Este jueves 23 de junio 19 hrs. (de Magallanes)&nbsp; en el programa&nbsp;\u00abEl \u00faltimo tren a casa\u00bb que produce el Colectivo Aczi\u00f3n Kultural&nbsp; y&nbsp; que conduce Pedro Guichapany en radio Presidente&#8230; <a class=\"read-more\" href=\"https:\/\/www.radiopresidenteibanez.cl\/web\/tomas-marzan-en-el-ultimo-tren-a-casa-musica-poesia-y-fotografia\/\">Leer m\u00e1s<\/a><\/p>\n","protected":false},"author":2,"featured_media":30635,"comment_status":"closed","ping_status":"closed","sticky":false,"template":"","format":"standard","meta":{"footnotes":""},"categories":[1],"tags":[],"class_list":["post-30634","post","type-post","status-publish","format-standard","has-post-thumbnail","hentry","category-cronica"],"_links":{"self":[{"href":"https:\/\/www.radiopresidenteibanez.cl\/web\/wp-json\/wp\/v2\/posts\/30634","targetHints":{"allow":["GET"]}}],"collection":[{"href":"https:\/\/www.radiopresidenteibanez.cl\/web\/wp-json\/wp\/v2\/posts"}],"about":[{"href":"https:\/\/www.radiopresidenteibanez.cl\/web\/wp-json\/wp\/v2\/types\/post"}],"author":[{"embeddable":true,"href":"https:\/\/www.radiopresidenteibanez.cl\/web\/wp-json\/wp\/v2\/users\/2"}],"replies":[{"embeddable":true,"href":"https:\/\/www.radiopresidenteibanez.cl\/web\/wp-json\/wp\/v2\/comments?post=30634"}],"version-history":[{"count":0,"href":"https:\/\/www.radiopresidenteibanez.cl\/web\/wp-json\/wp\/v2\/posts\/30634\/revisions"}],"wp:featuredmedia":[{"embeddable":true,"href":"https:\/\/www.radiopresidenteibanez.cl\/web\/wp-json\/wp\/v2\/media\/30635"}],"wp:attachment":[{"href":"https:\/\/www.radiopresidenteibanez.cl\/web\/wp-json\/wp\/v2\/media?parent=30634"}],"wp:term":[{"taxonomy":"category","embeddable":true,"href":"https:\/\/www.radiopresidenteibanez.cl\/web\/wp-json\/wp\/v2\/categories?post=30634"},{"taxonomy":"post_tag","embeddable":true,"href":"https:\/\/www.radiopresidenteibanez.cl\/web\/wp-json\/wp\/v2\/tags?post=30634"}],"curies":[{"name":"wp","href":"https:\/\/api.w.org\/{rel}","templated":true}]}}