{"id":30631,"date":"2022-06-22T14:13:00","date_gmt":"2022-06-22T17:13:00","guid":{"rendered":"https:\/\/www.radiopresidenteibanez.cl\/web\/?p=30631"},"modified":"2022-06-22T11:42:11","modified_gmt":"2022-06-22T14:42:11","slug":"educadoras-de-parvulos-destacaron-capacitacion-del-programa-de-indagacion-para-primeras-edades-pipe-desarrollado-por-par-explora-magallanes","status":"publish","type":"post","link":"https:\/\/www.radiopresidenteibanez.cl\/web\/educadoras-de-parvulos-destacaron-capacitacion-del-programa-de-indagacion-para-primeras-edades-pipe-desarrollado-por-par-explora-magallanes\/","title":{"rendered":"EDUCADORAS DE PARVULOS DESTACARON CAPACITACION DEL PROGRAMA DE INDAGACION PARA PRIMERAS EDADES (PIPE) DESARROLLADO POR  PAR EXPLORA MAGALLANES"},"content":{"rendered":"\n<p>En las dependencias de la Escuela de\nlenguaje Lerun Talj se continu\u00f3 con las capacitaciones -de forma presencial &#8211;\ndel Programa de Indagaci\u00f3n para Primeras Edades (PIPE), desarrollado por el\nPrograma Asociativo Regional (PAR) Explora Magallanes del Ministerio de\nCiencia, Tecnolog\u00eda, Conocimiento e Innovaci\u00f3n y ejecutado por la Universidad\nde Magallanes ( Umag).<\/p>\n\n\n\n<p>La encargada del Programa PIPE, Piroscka\nFuenzalida desarroll\u00f3 la actividad, que tuvo como objetivo fue fortalecer las\ncompetencias cient\u00edficas de los equipos pedag\u00f3gicos desde las primeras edades.\nAdem\u00e1s, aportar al desarrollo de las competencias necesarias para que ni\u00f1as y\nni\u00f1os conozcan y comprendan su entorno desde la primera infancia con m\u00f3dulos\ndivididos las \u00e1reas de aprendizaje de Ciencias Naturales, Ciencias Sociales y\nTecnolog\u00eda.<\/p>\n\n\n\n<p>Al respecto, la directora de PAR\nExplora Magallanes, Claudia Salinas, coment\u00f3 que \u201cpara nuestro programa PIPE es\nmuy importante fortalecer las competencias cient\u00edficas de los equipos pedag\u00f3gicos\ndesde las primeras edades. Esta capacitaci\u00f3n se suma a las anteriores que se\nhan realizado con este mismo grupo. En esta ocasi\u00f3n fue presencial y m\u00e1s\npr\u00e1ctica, ya desarrollando actividades que puedan replicar en los\nni\u00f1os y ni\u00f1as de sus jardines infantiles. La pr\u00f3xima se llevar\u00e1 a cabo en\ndependencias de la universidad con este mismo grupo el 9 de septiembre. Adem\u00e1s,\nse agradece la participaci\u00f3n y el entusiasmo por parte de las educadoras en esta\nactividad\u201d.<\/p>\n\n\n\n<p>En tanto, las participantes\ndestacaron esta actividad. Una de ellas, fue Leonora L\u00f3pez, de la Escuela Lerun\nTalkj &nbsp;se\u00f1al\u00f3 que \u201cme pareci\u00f3 super buena\nestas herramientas que nos brindan, ya que nos sirve para realizar actividades\nque insten a los ni\u00f1os a tener curiosidad y conocer m\u00e1s su entorno\u201d. Otra de\nellas, fue la Natalia Valderas, del Jard\u00edn infantil \u201cTanana\u201d de Puerto Williams\ndijo que \u201cconsidero que esta capacitaci\u00f3n es muy importante tanto en lo\nprofesional como el de poder entregar al jard\u00edn herramientas nuevas, siendo una\nmuy buena oportunidad para nosotros que somos una localidad aislada\u201d.<\/p>\n","protected":false},"excerpt":{"rendered":"<p>En las dependencias de la Escuela de lenguaje Lerun Talj se continu\u00f3 con las capacitaciones -de forma presencial &#8211; del Programa de Indagaci\u00f3n para Primeras Edades (PIPE), desarrollado por el&#8230; <a class=\"read-more\" href=\"https:\/\/www.radiopresidenteibanez.cl\/web\/educadoras-de-parvulos-destacaron-capacitacion-del-programa-de-indagacion-para-primeras-edades-pipe-desarrollado-por-par-explora-magallanes\/\">Leer m\u00e1s<\/a><\/p>\n","protected":false},"author":2,"featured_media":30632,"comment_status":"closed","ping_status":"closed","sticky":false,"template":"","format":"standard","meta":{"footnotes":""},"categories":[1],"tags":[],"class_list":["post-30631","post","type-post","status-publish","format-standard","has-post-thumbnail","hentry","category-cronica"],"_links":{"self":[{"href":"https:\/\/www.radiopresidenteibanez.cl\/web\/wp-json\/wp\/v2\/posts\/30631","targetHints":{"allow":["GET"]}}],"collection":[{"href":"https:\/\/www.radiopresidenteibanez.cl\/web\/wp-json\/wp\/v2\/posts"}],"about":[{"href":"https:\/\/www.radiopresidenteibanez.cl\/web\/wp-json\/wp\/v2\/types\/post"}],"author":[{"embeddable":true,"href":"https:\/\/www.radiopresidenteibanez.cl\/web\/wp-json\/wp\/v2\/users\/2"}],"replies":[{"embeddable":true,"href":"https:\/\/www.radiopresidenteibanez.cl\/web\/wp-json\/wp\/v2\/comments?post=30631"}],"version-history":[{"count":0,"href":"https:\/\/www.radiopresidenteibanez.cl\/web\/wp-json\/wp\/v2\/posts\/30631\/revisions"}],"wp:featuredmedia":[{"embeddable":true,"href":"https:\/\/www.radiopresidenteibanez.cl\/web\/wp-json\/wp\/v2\/media\/30632"}],"wp:attachment":[{"href":"https:\/\/www.radiopresidenteibanez.cl\/web\/wp-json\/wp\/v2\/media?parent=30631"}],"wp:term":[{"taxonomy":"category","embeddable":true,"href":"https:\/\/www.radiopresidenteibanez.cl\/web\/wp-json\/wp\/v2\/categories?post=30631"},{"taxonomy":"post_tag","embeddable":true,"href":"https:\/\/www.radiopresidenteibanez.cl\/web\/wp-json\/wp\/v2\/tags?post=30631"}],"curies":[{"name":"wp","href":"https:\/\/api.w.org\/{rel}","templated":true}]}}