{"id":30628,"date":"2022-06-22T12:43:00","date_gmt":"2022-06-22T15:43:00","guid":{"rendered":"https:\/\/www.radiopresidenteibanez.cl\/web\/?p=30628"},"modified":"2022-06-22T11:37:33","modified_gmt":"2022-06-22T14:37:33","slug":"una-herencia-mal-administrada-paro-nacional-en-el-serpat","status":"publish","type":"post","link":"https:\/\/www.radiopresidenteibanez.cl\/web\/una-herencia-mal-administrada-paro-nacional-en-el-serpat\/","title":{"rendered":"UNA HERENCIA MAL ADMINISTRADA: PARO NACIONAL EN EL SERPAT"},"content":{"rendered":"\n<p> Los funcionarios y funcionarias pertenecientes a la asociaci\u00f3n mayoritaria del Ministerio de las  Culturas, las Artes y el Patrimonio, ANATRAP (Asociaci\u00f3n Nacional de Trabajadoras y Trabajadores  del Patrimonio) se mantienen en paro a la espera de respuestas concretas de problemas que  vienen arrastr\u00e1ndose hace a\u00f1os y que le fueran expuestas a las nuevas autoridades. \u201cLos gobiernos pasan los problemas quedan\u201d comentan en los pasillos de las unidades del  Servicio Nacional del Patrimonio Cultural, SERPAT. La no nivelaci\u00f3n de los funcionarios y  funcionarias que esperaron 4 a\u00f1os desde la creaci\u00f3n de esta instituci\u00f3n, sucesora de la DIBAM,  fue la gota que rebalso el vaso. La esperanza puesta en el nuevo gobierno del presidente Boric de a poco se va convirtiendo en  frustraci\u00f3n al ver que la participaci\u00f3n de las asociaciones, ampliamente anunciada como una  fortaleza del cambio de tim\u00f3n, no se ve reflejada en actos concretos y los problemas que desde  a\u00f1os los aquejan no se ven con soluci\u00f3n en el corto ni mediano plazo. El pasado 15 de Junio se entreg\u00f3 una carta a la Ministra de la cartera, Julieta Brodsky, para que  diera respuesta desde la autoridad. La soluci\u00f3n: una reuni\u00f3n de urgencia este Lunes 20 de Junio  con la Subsecretaria del Patrimonio, Paulina Soto, junto a la directiva de ANATRAP nacional para  revisar los puntos expuestos en la misiva. La extensa reuni\u00f3n, que dur\u00f3 m\u00e1s de 4 horas, termin\u00f3  en un acta de la misma, atendiendo que la mayor\u00eda de las mejoras propuestas tienen que ver con  temas presupuestarios de arrastre del gobierno anterior en el cu\u00e1l Emilio De la Cerda era el  subsecretario de Patrimonio y Carlos Maillet , director del SERPAT. Mientras se desarrollaba la reuni\u00f3n al interior del Palacio Pereira , una a una iban cerrando las  dependencias a nivel nacional los dirigentes y dirigentas regionales junto a las bases del  patrimonio.  El incumplimiento al DFL 35, la precarizaci\u00f3n e inseguridad de los compa\u00f1eros y compa\u00f1eras a  honorarios (no se acata dictamen de Contralor\u00eda) , la invisibilizaci\u00f3n de los compa\u00f1eros y  compa\u00f1eras contratados por C\u00f3digo del Trabajo Guardias y Vigilantes (sin mejoras hace a\u00f1os, sin  claridad en turnos, cambio de condiciones laborales arbitrarias, sin reconocimiento de horas  extras), la falta de compromiso con t\u00e9cnicos, administrativos y administrativas y auxiliares en sus  mejoras, la nefasta implementaci\u00f3n de las Direcciones Regionales SERPAT (sin participaci\u00f3n de las  asociaciones, implicando un gasto ineficiente de los recursos del Estado), los eternos sumarios  administrativos (especialmente casos de acoso laboral y sexual), entre otros hacen que hoy de  Arica a Puerto Williams ANATRAP se mantenga movilizada, en paro y dispuesta a que esto sea  mucho m\u00e1s que un anuncio presidencial en una cuenta p\u00fablica <\/p>\n","protected":false},"excerpt":{"rendered":"<p>Los funcionarios y funcionarias pertenecientes a la asociaci\u00f3n mayoritaria del Ministerio de las Culturas, las Artes y el Patrimonio, ANATRAP (Asociaci\u00f3n Nacional de Trabajadoras y Trabajadores del Patrimonio) se mantienen&#8230; <a class=\"read-more\" href=\"https:\/\/www.radiopresidenteibanez.cl\/web\/una-herencia-mal-administrada-paro-nacional-en-el-serpat\/\">Leer m\u00e1s<\/a><\/p>\n","protected":false},"author":2,"featured_media":30629,"comment_status":"closed","ping_status":"closed","sticky":false,"template":"","format":"standard","meta":{"footnotes":""},"categories":[1],"tags":[],"class_list":["post-30628","post","type-post","status-publish","format-standard","has-post-thumbnail","hentry","category-cronica"],"_links":{"self":[{"href":"https:\/\/www.radiopresidenteibanez.cl\/web\/wp-json\/wp\/v2\/posts\/30628","targetHints":{"allow":["GET"]}}],"collection":[{"href":"https:\/\/www.radiopresidenteibanez.cl\/web\/wp-json\/wp\/v2\/posts"}],"about":[{"href":"https:\/\/www.radiopresidenteibanez.cl\/web\/wp-json\/wp\/v2\/types\/post"}],"author":[{"embeddable":true,"href":"https:\/\/www.radiopresidenteibanez.cl\/web\/wp-json\/wp\/v2\/users\/2"}],"replies":[{"embeddable":true,"href":"https:\/\/www.radiopresidenteibanez.cl\/web\/wp-json\/wp\/v2\/comments?post=30628"}],"version-history":[{"count":0,"href":"https:\/\/www.radiopresidenteibanez.cl\/web\/wp-json\/wp\/v2\/posts\/30628\/revisions"}],"wp:featuredmedia":[{"embeddable":true,"href":"https:\/\/www.radiopresidenteibanez.cl\/web\/wp-json\/wp\/v2\/media\/30629"}],"wp:attachment":[{"href":"https:\/\/www.radiopresidenteibanez.cl\/web\/wp-json\/wp\/v2\/media?parent=30628"}],"wp:term":[{"taxonomy":"category","embeddable":true,"href":"https:\/\/www.radiopresidenteibanez.cl\/web\/wp-json\/wp\/v2\/categories?post=30628"},{"taxonomy":"post_tag","embeddable":true,"href":"https:\/\/www.radiopresidenteibanez.cl\/web\/wp-json\/wp\/v2\/tags?post=30628"}],"curies":[{"name":"wp","href":"https:\/\/api.w.org\/{rel}","templated":true}]}}