{"id":30622,"date":"2022-06-22T10:00:31","date_gmt":"2022-06-22T13:00:31","guid":{"rendered":"https:\/\/www.radiopresidenteibanez.cl\/web\/?p=30622"},"modified":"2022-06-22T10:00:38","modified_gmt":"2022-06-22T13:00:38","slug":"junji-magallanes-invita-a-poner-nombre-al-jardin-infantil-costanera-de-punta-arenas","status":"publish","type":"post","link":"https:\/\/www.radiopresidenteibanez.cl\/web\/junji-magallanes-invita-a-poner-nombre-al-jardin-infantil-costanera-de-punta-arenas\/","title":{"rendered":"JUNJI MAGALLANES INVITA A PONER NOMBRE AL JARDIN INFANTIL \u00abCOSTANERA\u00bb DE PUNTA ARENAS"},"content":{"rendered":"\n<p>La Unidad de Participaci\u00f3n Ciudadana de la Junta Nacional de Jardines Infantiles (JUNJI) invita a la comunidad a renombrar el proyecto, hasta ahora conocido como \u201cCostanera\u201d, sala cuna y jard\u00edn infantil inaugurado el viernes 3 de junio de 2022 en Punta Arenas, recinto de calle Julia Garay Guerra 36.<\/p>\n\n\n\n<p>Esta actividad, que se extender\u00e1 por un par de semanas durante junio y julio, est\u00e1 dentro de \u201cPonle nombre a tu jard\u00edn\u201d, apartado que, en la Regi\u00f3n de Magallanes y de la Ant\u00e1rtica Chilena, ha cambiado la denominaci\u00f3n de las iniciativas \u201cPuerto Williams\u201d como \u201cT\u00e1nana\u201d; \u201cLomas de Baquedano\u201d de Porvenir como \u201cPepita de Oro\u201d y, hace pocas semanas, \u201cCerro Castillo\u201d, en la comuna de Torres del Paine, como \u201cTelenke\u201d.&nbsp;<\/p>\n\n\n\n<p>El nuevo proceso tiene una primera etapa entre el lunes 20 y el domingo 26 de junio, con las propuestas de nombres, las que deben ser enviadas a las direcciones de correos electr\u00f3nicos, de la directora del Jard\u00edn Infantil \u201cCostanera\u201d, Patricia Delgado Toledo,&nbsp;<a href=\"mailto:patricia.delgado.t@junjired.cl\" target=\"_blank\" rel=\"noreferrer noopener\">patricia.delgado.t@junjired.cl<\/a>, o a la del encargado regional subrogante de Participaci\u00f3n Ciudadana de la JUNJI, Nelson Vidal Hern\u00e1ndez,&nbsp;<a href=\"mailto:nvidal@junji.cl\" target=\"_blank\" rel=\"noreferrer noopener\">nvidal@junji.cl<\/a>. De la misma forma, al recinto tambi\u00e9n se puede llevar proposiciones de manera presencial.<\/p>\n\n\n\n<p>El lunes 27 de junio, un jurado, compuesto por la directora regional de la JUNJI, profesionales de la Subdirecci\u00f3n de Calidad Educativa del servicio p\u00fablico, de Participaci\u00f3n Ciudadana y de la comunidad educativa, definir\u00e1 una quina o terna de finalistas, de acuerdo con los nombres que la gente haga llegar.<\/p>\n\n\n\n<p>Del 28 de junio al 4 de julio, v\u00eda Google Forms, se har\u00e1 la votaci\u00f3n virtual, segmento que va acompa\u00f1ado de un di\u00e1logo ciudadano sobre el proceso de votaci\u00f3n y las preferencias de la comunidad, el que tendr\u00e1 lugar el 29 de junio. El 5 de julio de 2022, finalmente, se dar\u00e1 a conocer de forma p\u00fablica el nombre definitivo de la unidad \u201cCostanera\u201d de la JUNJI.<\/p>\n\n\n\n<p>Para la directora regional (S) de la JUNJI, Marisol Villegas N\u00fa\u00f1ez, \u201clos procesos de hacer parte a la comunidad para nombrar a los establecimientos educacionales, en Magallanes, han tenido un enorme \u00e9xito. Nos ha sorprendido gratamente la cantidad de vecinas y vecinos que han votado y se apasionaron porque su elecci\u00f3n fuera la ganadora. Hemos logrado nombres hermosos y simb\u00f3licos que r\u00e1pidamente han sido adoptados por todos. Esperamos que la experiencia se repita con nuestro recinto de Costanera, que tan esperado fue y aporta a embellecer a Punta Arenas, otorgando educaci\u00f3n parvularia y bienestar integral a decenas de ni\u00f1as y ni\u00f1os de toda la comuna\u201d.<\/p>\n","protected":false},"excerpt":{"rendered":"<p>La Unidad de Participaci\u00f3n Ciudadana de la Junta Nacional de Jardines Infantiles (JUNJI) invita a la comunidad a renombrar el proyecto, hasta ahora conocido como \u201cCostanera\u201d, sala cuna y jard\u00edn&#8230; <a class=\"read-more\" href=\"https:\/\/www.radiopresidenteibanez.cl\/web\/junji-magallanes-invita-a-poner-nombre-al-jardin-infantil-costanera-de-punta-arenas\/\">Leer m\u00e1s<\/a><\/p>\n","protected":false},"author":2,"featured_media":30623,"comment_status":"closed","ping_status":"closed","sticky":false,"template":"","format":"standard","meta":{"footnotes":""},"categories":[1],"tags":[],"class_list":["post-30622","post","type-post","status-publish","format-standard","has-post-thumbnail","hentry","category-cronica"],"_links":{"self":[{"href":"https:\/\/www.radiopresidenteibanez.cl\/web\/wp-json\/wp\/v2\/posts\/30622","targetHints":{"allow":["GET"]}}],"collection":[{"href":"https:\/\/www.radiopresidenteibanez.cl\/web\/wp-json\/wp\/v2\/posts"}],"about":[{"href":"https:\/\/www.radiopresidenteibanez.cl\/web\/wp-json\/wp\/v2\/types\/post"}],"author":[{"embeddable":true,"href":"https:\/\/www.radiopresidenteibanez.cl\/web\/wp-json\/wp\/v2\/users\/2"}],"replies":[{"embeddable":true,"href":"https:\/\/www.radiopresidenteibanez.cl\/web\/wp-json\/wp\/v2\/comments?post=30622"}],"version-history":[{"count":0,"href":"https:\/\/www.radiopresidenteibanez.cl\/web\/wp-json\/wp\/v2\/posts\/30622\/revisions"}],"wp:featuredmedia":[{"embeddable":true,"href":"https:\/\/www.radiopresidenteibanez.cl\/web\/wp-json\/wp\/v2\/media\/30623"}],"wp:attachment":[{"href":"https:\/\/www.radiopresidenteibanez.cl\/web\/wp-json\/wp\/v2\/media?parent=30622"}],"wp:term":[{"taxonomy":"category","embeddable":true,"href":"https:\/\/www.radiopresidenteibanez.cl\/web\/wp-json\/wp\/v2\/categories?post=30622"},{"taxonomy":"post_tag","embeddable":true,"href":"https:\/\/www.radiopresidenteibanez.cl\/web\/wp-json\/wp\/v2\/tags?post=30622"}],"curies":[{"name":"wp","href":"https:\/\/api.w.org\/{rel}","templated":true}]}}