{"id":30614,"date":"2022-06-21T16:45:00","date_gmt":"2022-06-21T19:45:00","guid":{"rendered":"https:\/\/www.radiopresidenteibanez.cl\/web\/?p=30614"},"modified":"2022-06-21T13:25:19","modified_gmt":"2022-06-21T16:25:19","slug":"postulacion-a-bono-para-trabajadoras-y-trabajadores-culturales-cierra-este-jueves","status":"publish","type":"post","link":"https:\/\/www.radiopresidenteibanez.cl\/web\/postulacion-a-bono-para-trabajadoras-y-trabajadores-culturales-cierra-este-jueves\/","title":{"rendered":"Postulaci\u00f3n a Bono para trabajadoras y trabajadores culturales cierra este jueves"},"content":{"rendered":"\n<p>Hasta este jueves 23 de junio se\nencuentra abierta la postulaci\u00f3n al&nbsp;<strong>Bono para trabajadoras y trabajadores culturales<\/strong>, conocida como Ley Patricio\nManns, un logro impulsado por diversos sindicatos, gremios y organizaciones del\nsector cultural movilizados ante la crisis laboral y econ\u00f3mica producto de la\ncrisis medidas sanitarias por el Covid-19, junto a la escasa ayuda recibida por\nel Estado durante la pandemia.<\/p>\n\n\n\n<p>Se trata de una transferencia monetaria\nde $450 mil que se entregar\u00e1 una \u00fanica vez a m\u00e1s de 30 mil trabajadoras y\ntrabajadoras culturales que hayan visto mermados sus ingresos por la pandemia,\ny que fue incorporada como medida en el Plan Chile Apoya.<\/p>\n\n\n\n<p>\u201cEste es un compromiso asumido por parlamentarios\ny organizaciones culturales, que qued\u00f3 estipulado en la Ley de Presupuestos\n2022. Como gobierno nos hacemos cargo de esta demanda del sector, porque conocemos\nla precariedad hist\u00f3rica de las y los trabajadores, y en \u00faltimo tiempo acentuada\npor los efectos de la pandemia. Invitamos a artistas, cultores y gestores\nculturales a postular a este bono\u201d, recalc\u00f3 el Seremi de las Culturas, las\nArtes y el Patrimonio, Diego Garc\u00eda, junto con indicar que desde la institucionalidad\nse trabaja en una serie de estrategias de reactivaci\u00f3n que se implementar\u00e1 pr\u00f3ximamente.<\/p>\n\n\n\n<p>Para postular se debe ingresar con la\nClave \u00danica al formulario de postulaci\u00f3n en l\u00ednea dispuesto por el Ministerio\nde las Culturas, las Artes y el Patrimonio en el enlace:&nbsp;<strong><a href=\"https:\/\/www.cultura.gob.cl\/bono\/\" target=\"_blank\" rel=\"noreferrer noopener\">https:\/\/www.cultura.gob.cl\/bono\/<\/a><\/strong><\/p>\n\n\n\n<p>Los requisitos para postular son tres: el\nprimero es ser trabajadora o trabajador de las culturas, las artes y\/o el\npatrimonio; el segundo es haber sufrido una baja de ingresos durante la\npandemia; y el tercero es estar inscrita o inscrito en el Registro Social de\nHogares (RSH) del Ministerio de Desarrollo Social y Familia. Durante la\npostulaci\u00f3n se solicitar\u00e1, adem\u00e1s, completar o actualizar los datos del Registro\nde Agentes culturales. Los dos primeros requisitos ser\u00e1n acreditados mediante\nuna declaraci\u00f3n jurada al momento de la postulaci\u00f3n.<\/p>\n","protected":false},"excerpt":{"rendered":"<p>Hasta este jueves 23 de junio se encuentra abierta la postulaci\u00f3n al&nbsp;Bono para trabajadoras y trabajadores culturales, conocida como Ley Patricio Manns, un logro impulsado por diversos sindicatos, gremios y&#8230; <a class=\"read-more\" href=\"https:\/\/www.radiopresidenteibanez.cl\/web\/postulacion-a-bono-para-trabajadoras-y-trabajadores-culturales-cierra-este-jueves\/\">Leer m\u00e1s<\/a><\/p>\n","protected":false},"author":2,"featured_media":30615,"comment_status":"closed","ping_status":"closed","sticky":false,"template":"","format":"standard","meta":{"footnotes":""},"categories":[1],"tags":[],"class_list":["post-30614","post","type-post","status-publish","format-standard","has-post-thumbnail","hentry","category-cronica"],"_links":{"self":[{"href":"https:\/\/www.radiopresidenteibanez.cl\/web\/wp-json\/wp\/v2\/posts\/30614","targetHints":{"allow":["GET"]}}],"collection":[{"href":"https:\/\/www.radiopresidenteibanez.cl\/web\/wp-json\/wp\/v2\/posts"}],"about":[{"href":"https:\/\/www.radiopresidenteibanez.cl\/web\/wp-json\/wp\/v2\/types\/post"}],"author":[{"embeddable":true,"href":"https:\/\/www.radiopresidenteibanez.cl\/web\/wp-json\/wp\/v2\/users\/2"}],"replies":[{"embeddable":true,"href":"https:\/\/www.radiopresidenteibanez.cl\/web\/wp-json\/wp\/v2\/comments?post=30614"}],"version-history":[{"count":0,"href":"https:\/\/www.radiopresidenteibanez.cl\/web\/wp-json\/wp\/v2\/posts\/30614\/revisions"}],"wp:featuredmedia":[{"embeddable":true,"href":"https:\/\/www.radiopresidenteibanez.cl\/web\/wp-json\/wp\/v2\/media\/30615"}],"wp:attachment":[{"href":"https:\/\/www.radiopresidenteibanez.cl\/web\/wp-json\/wp\/v2\/media?parent=30614"}],"wp:term":[{"taxonomy":"category","embeddable":true,"href":"https:\/\/www.radiopresidenteibanez.cl\/web\/wp-json\/wp\/v2\/categories?post=30614"},{"taxonomy":"post_tag","embeddable":true,"href":"https:\/\/www.radiopresidenteibanez.cl\/web\/wp-json\/wp\/v2\/tags?post=30614"}],"curies":[{"name":"wp","href":"https:\/\/api.w.org\/{rel}","templated":true}]}}