{"id":3061,"date":"2019-04-05T14:59:49","date_gmt":"2019-04-05T14:59:49","guid":{"rendered":"http:\/\/www.radiopresidenteibanez.cl\/web\/?p=3061"},"modified":"2019-04-05T15:00:09","modified_gmt":"2019-04-05T15:00:09","slug":"consejeros-regionales-iniciaran-sesiones-en-distintas-comunas-de-la-region","status":"publish","type":"post","link":"https:\/\/www.radiopresidenteibanez.cl\/web\/consejeros-regionales-iniciaran-sesiones-en-distintas-comunas-de-la-region\/","title":{"rendered":"CONSEJEROS REGIONALES INICIAR\u00c1N SESIONES EN DISTINTAS COMUNAS DE LA REGI\u00d3N"},"content":{"rendered":"\n<p>Continuando con el estilo de\nestar presentes en todo el territorio, dentro de las pr\u00f3ximas semanas, los\nintegrantes del Consejo Regional iniciar\u00e1n un recorrido por las distintas\ncomunas de la regi\u00f3n de Magallanes y Ant\u00e1rtica Chilena, donde ir\u00e1n conociendo\nen detalle los proyectos e iniciativas que se pretenden realizar en todo el\nterritorio. <\/p>\n\n\n\n<p>\u201cIgual que como lo hicimos el a\u00f1o\npasado, vamos a continuar con una planificaci\u00f3n que significa descentralizar\ninterregionalmente, el funcionamiento del Consejo Regional. Y por eso, tenemos\ncontemplado en la planificaci\u00f3n, hacer trabajo de comisi\u00f3n y del pleno, en\ntodas las provincias y comunas de la regi\u00f3n, partiendo por Puerto Williams, que\nera una deuda que ten\u00edamos\u201d, afirm\u00f3 el presidente del Consejo Regional,\nTolentino Soto.<\/p>\n\n\n\n<p>Es as\u00ed que el lunes 15 de abril,\nse realizar\u00e1 la sesi\u00f3n en Puerto Williams; el 31 de mayo, en Puerto Natales; el\n10 de junio, en R\u00edo Verde; y el 17 de junio, en Porvenir.<\/p>\n\n\n\n<p>Posteriormente, el pleno se\ntrasladar\u00e1 el 2 de septiembre, a Laguna Blanca; el 7 de octubre, a Timaukel; el\n14 de octubre, a San Gregorio; el 4 de noviembre, a Primavera; el 18 de\nnoviembre, a Puerto Williams; y finalmente, el 16 de diciembre, a la comuna de\nTorres del Payne. <\/p>\n\n\n\n<p>\u201cTodas estas visitas tienen por finalidad tomar decisiones en este trabajo de comisi\u00f3n y pleno, pero tambi\u00e9n poder fiscalizar las obras que se est\u00e1n realizando, donde hay compromiso de recursos del Gobierno Regional y donde los Consejos han tenido plena participaci\u00f3n con su voto, en la toma de decisiones de este tipo de inversi\u00f3n p\u00fablica\u201d, indic\u00f3 Soto Espa\u00f1a.<\/p>\n\n\n\n<figure class=\"wp-block-image\"><img loading=\"lazy\" decoding=\"async\" width=\"900\" height=\"599\" src=\"https:\/\/www.radiopresidenteibanez.cl\/web\/wp-content\/uploads\/2019\/04\/IMG_0460-1.jpg\" alt=\"\" class=\"wp-image-3062\" srcset=\"https:\/\/www.radiopresidenteibanez.cl\/web\/wp-content\/uploads\/2019\/04\/IMG_0460-1.jpg 900w, https:\/\/www.radiopresidenteibanez.cl\/web\/wp-content\/uploads\/2019\/04\/IMG_0460-1-300x200.jpg 300w, https:\/\/www.radiopresidenteibanez.cl\/web\/wp-content\/uploads\/2019\/04\/IMG_0460-1-768x511.jpg 768w\" sizes=\"auto, (max-width: 900px) 100vw, 900px\" \/><\/figure>\n","protected":false},"excerpt":{"rendered":"<p>Continuando con el estilo de estar presentes en todo el territorio, dentro de las pr\u00f3ximas semanas, los integrantes del Consejo Regional iniciar\u00e1n un recorrido por las distintas comunas de la&#8230; <a class=\"read-more\" href=\"https:\/\/www.radiopresidenteibanez.cl\/web\/consejeros-regionales-iniciaran-sesiones-en-distintas-comunas-de-la-region\/\">Leer m\u00e1s<\/a><\/p>\n","protected":false},"author":2,"featured_media":3062,"comment_status":"closed","ping_status":"closed","sticky":false,"template":"","format":"standard","meta":{"footnotes":""},"categories":[1],"tags":[],"class_list":["post-3061","post","type-post","status-publish","format-standard","has-post-thumbnail","hentry","category-cronica"],"_links":{"self":[{"href":"https:\/\/www.radiopresidenteibanez.cl\/web\/wp-json\/wp\/v2\/posts\/3061","targetHints":{"allow":["GET"]}}],"collection":[{"href":"https:\/\/www.radiopresidenteibanez.cl\/web\/wp-json\/wp\/v2\/posts"}],"about":[{"href":"https:\/\/www.radiopresidenteibanez.cl\/web\/wp-json\/wp\/v2\/types\/post"}],"author":[{"embeddable":true,"href":"https:\/\/www.radiopresidenteibanez.cl\/web\/wp-json\/wp\/v2\/users\/2"}],"replies":[{"embeddable":true,"href":"https:\/\/www.radiopresidenteibanez.cl\/web\/wp-json\/wp\/v2\/comments?post=3061"}],"version-history":[{"count":0,"href":"https:\/\/www.radiopresidenteibanez.cl\/web\/wp-json\/wp\/v2\/posts\/3061\/revisions"}],"wp:featuredmedia":[{"embeddable":true,"href":"https:\/\/www.radiopresidenteibanez.cl\/web\/wp-json\/wp\/v2\/media\/3062"}],"wp:attachment":[{"href":"https:\/\/www.radiopresidenteibanez.cl\/web\/wp-json\/wp\/v2\/media?parent=3061"}],"wp:term":[{"taxonomy":"category","embeddable":true,"href":"https:\/\/www.radiopresidenteibanez.cl\/web\/wp-json\/wp\/v2\/categories?post=3061"},{"taxonomy":"post_tag","embeddable":true,"href":"https:\/\/www.radiopresidenteibanez.cl\/web\/wp-json\/wp\/v2\/tags?post=3061"}],"curies":[{"name":"wp","href":"https:\/\/api.w.org\/{rel}","templated":true}]}}