{"id":30605,"date":"2022-06-20T17:07:00","date_gmt":"2022-06-20T20:07:00","guid":{"rendered":"https:\/\/www.radiopresidenteibanez.cl\/web\/?p=30605"},"modified":"2022-06-20T12:41:32","modified_gmt":"2022-06-20T15:41:32","slug":"autoridades-de-vivienda-expusieron-avances-de-proyecto-habitacional-en-cabo-de-hornos","status":"publish","type":"post","link":"https:\/\/www.radiopresidenteibanez.cl\/web\/autoridades-de-vivienda-expusieron-avances-de-proyecto-habitacional-en-cabo-de-hornos\/","title":{"rendered":"AUTORIDADES DE VIVIENDA EXPUSIERON AVANCES DE PROYECTO HABITACIONAL EN CABO DE HORNOS"},"content":{"rendered":"\n<p>En el marco del mandato presidencial de salir a los territorios y reunirse con las comunidades de todas las provincias, el Seremi MINVU, Marco Uribe Saldivia y el Director Regional (S) del Serviu, Omar Gonz\u00e1lez Asenjo, se trasladaron hasta la comuna de Cabo de Hornos, para evaluar el estado de diferentes proyectos habitacionales y urbanos. En la oportunidad, junto a la Delegada Presidencial Provincial, Mar\u00eda Luisa Mu\u00f1oz Manquemilla, sostuvieron un encuentro informativo con la agrupaci\u00f3n de vivienda \u201cSoberan\u00eda en el fin del mundo\u201d, cuyo proyecto posee subsidios asignados.<\/p>\n\n\n\n<p>El futuro conjunto habitacional contar\u00e1 con 23 viviendas de 55,77 metros cuadrados y ampliaci\u00f3n proyectada de 24,39 metros cuadrados, con un costo individual de 3.672,5 UF (120 millones de pesos aproximadamente). Dicho financiamiento se desglosa en 3.672,5 UF asignadas por el MINVU mediante subsidios habitacionales y 48.849,9 UF provenientes del FNDR para la urbanizaci\u00f3n del conjunto habitacional.&nbsp;<\/p>\n\n\n\n<p>Las autoridades informaron a la directiva que, a la fecha, las bases de licitaci\u00f3n est\u00e1n en revisi\u00f3n en Contralor\u00eda, para que luego de ello, el mandante, que es la Municipalidad de Cabo de Hornos, publique la licitaci\u00f3n. En paralelo, por tratarse de un proyecto que forma parte del Convenio de Programaci\u00f3n MINVU-GORE 2021-2027, el Gobierno Regional trabaja en el traspaso de los recursos comprometidos a Serviu. Una vez que la Contralor\u00eda tome raz\u00f3n de las bases de licitaci\u00f3n y culminado el proceso de licitaci\u00f3n, de presentarse oferentes, el plazo de ejecuci\u00f3n de las obras est\u00e1 proyectado en 540 d\u00edas corridos.<\/p>\n\n\n\n<p>Carla Jaque, presidenta de la agrupaci\u00f3n de vivienda \u201cSoberan\u00eda en el fin del mundo\u201d, se\u00f1al\u00f3 que se conformaron hace 8 a\u00f1os, debiendo enfrentar las dificultades de la pandemia \u201cpasaron dos a\u00f1os en que no tuvimos reuniones, no ve\u00edamos avances. Ahora tenemos fe en que este a\u00f1o alcancemos al menos a poner la primera piedra\u201d. La dirigente agreg\u00f3 que la situaci\u00f3n es particularmente dif\u00edcil en esta localidad extrema debido al alto costo de los arriendos y la imposibilidad de postular a dicho beneficio ya que no es compatible con un subsidio habitacional ya obtenido. \u201cCreo que este Gobierno va a sacar el tema adelante, ya que destac\u00f3 la vivienda y nosotros realmente la necesitamos\u201d, puntualiz\u00f3.<\/p>\n\n\n\n<p>El Seremi Minvu, Marco Uribe Saldivia dio a conocer que se reunieron, adem\u00e1s, con los integrantes de la agrupaci\u00f3n \u201cSue\u00f1os de Cabo de Hornos\u201d asociada a la Entidad Patrocinante Salfa y otros dirigentes y residentes de Puerto Williams interesados en postular a programas del MINVU destinados a la adquisici\u00f3n de vivienda. La autoridad indic\u00f3 que el objetivo fue explicar los requisitos de este proceso y proyectar en conjunto los cuatro a\u00f1os de Gobierno del Presidente Gabriel Boric. Sobre este tema, el director del Serviu, Omar Gonz\u00e1lez, destac\u00f3 la importancia de haber entregado informaci\u00f3n de primera fuente a las familias, por lo que calific\u00f3 el encuentro como fruct\u00edfero para todas las partes involucradas.<\/p>\n","protected":false},"excerpt":{"rendered":"<p>En el marco del mandato presidencial de salir a los territorios y reunirse con las comunidades de todas las provincias, el Seremi MINVU, Marco Uribe Saldivia y el Director Regional&#8230; <a class=\"read-more\" href=\"https:\/\/www.radiopresidenteibanez.cl\/web\/autoridades-de-vivienda-expusieron-avances-de-proyecto-habitacional-en-cabo-de-hornos\/\">Leer m\u00e1s<\/a><\/p>\n","protected":false},"author":2,"featured_media":30606,"comment_status":"closed","ping_status":"closed","sticky":false,"template":"","format":"standard","meta":{"footnotes":""},"categories":[1],"tags":[],"class_list":["post-30605","post","type-post","status-publish","format-standard","has-post-thumbnail","hentry","category-cronica"],"_links":{"self":[{"href":"https:\/\/www.radiopresidenteibanez.cl\/web\/wp-json\/wp\/v2\/posts\/30605","targetHints":{"allow":["GET"]}}],"collection":[{"href":"https:\/\/www.radiopresidenteibanez.cl\/web\/wp-json\/wp\/v2\/posts"}],"about":[{"href":"https:\/\/www.radiopresidenteibanez.cl\/web\/wp-json\/wp\/v2\/types\/post"}],"author":[{"embeddable":true,"href":"https:\/\/www.radiopresidenteibanez.cl\/web\/wp-json\/wp\/v2\/users\/2"}],"replies":[{"embeddable":true,"href":"https:\/\/www.radiopresidenteibanez.cl\/web\/wp-json\/wp\/v2\/comments?post=30605"}],"version-history":[{"count":0,"href":"https:\/\/www.radiopresidenteibanez.cl\/web\/wp-json\/wp\/v2\/posts\/30605\/revisions"}],"wp:featuredmedia":[{"embeddable":true,"href":"https:\/\/www.radiopresidenteibanez.cl\/web\/wp-json\/wp\/v2\/media\/30606"}],"wp:attachment":[{"href":"https:\/\/www.radiopresidenteibanez.cl\/web\/wp-json\/wp\/v2\/media?parent=30605"}],"wp:term":[{"taxonomy":"category","embeddable":true,"href":"https:\/\/www.radiopresidenteibanez.cl\/web\/wp-json\/wp\/v2\/categories?post=30605"},{"taxonomy":"post_tag","embeddable":true,"href":"https:\/\/www.radiopresidenteibanez.cl\/web\/wp-json\/wp\/v2\/tags?post=30605"}],"curies":[{"name":"wp","href":"https:\/\/api.w.org\/{rel}","templated":true}]}}