{"id":30566,"date":"2022-06-18T14:53:00","date_gmt":"2022-06-18T17:53:00","guid":{"rendered":"https:\/\/www.radiopresidenteibanez.cl\/web\/?p=30566"},"modified":"2022-06-18T13:25:46","modified_gmt":"2022-06-18T16:25:46","slug":"estudiantes-de-turismo-de-santo-tomas-conocieron-los-destinos-turisticos-en-charla-de-sernatur","status":"publish","type":"post","link":"https:\/\/www.radiopresidenteibanez.cl\/web\/estudiantes-de-turismo-de-santo-tomas-conocieron-los-destinos-turisticos-en-charla-de-sernatur\/","title":{"rendered":"Estudiantes de turismo de Santo Tom\u00e1s conocieron los destinos tur\u00edsticos en charla de Sernatur"},"content":{"rendered":"\n<p>Con una presentaci\u00f3n que recorri\u00f3 todas las provincias de la Regi\u00f3n de Magallanes y Ant\u00e1rtica Chilena, los estudiantes del \u00c1rea de Turismo y Gastronom\u00eda del Centro de formaci\u00f3n T\u00e9cnica Santo Tom\u00e1s conocieron los diferentes destinos tur\u00edsticos con los que cuenta la regi\u00f3n, en una charla que lider\u00f3 la directora regional de Sernatur, Ximena Castro.<\/p>\n\n\n\n<p>En la oportunidad, convers\u00f3 con los estudiantes sobre la diversidad tur\u00edstica que tiene Magallanes, la importancia de ser una puerta de ingreso a la Ant\u00e1rtica y los beneficios que trae al sector el hecho de potenciar a la regi\u00f3n por su estrat\u00e9gica ubicaci\u00f3n geogr\u00e1fica.<\/p>\n\n\n\n<p>\u201cCon esta charla queremos acercar a los estudiantes hacia los atractivos tur\u00edsticos de la regi\u00f3n, pero tambi\u00e9n que vean como en Sernatur damos a conocer estos atractivos. Esta presentaci\u00f3n es la misma que hicimos a tour operadores internacionales en Buenos Aires, estamos dando a conocer las novedades que tiene el atractivo, pensando en esta pr\u00f3xima temporada. Lo que queremos es que los estudiantes se insertan en el mundo laboral del turismo. Es muy importante que en los servicios tur\u00edsticos de un destino la gente local este involucrada. No hay nadie mejor que nosotros para poder dar a conocer los atractivos de un destino, las costumbres y como es la gente que habita el lugar, eso es fundamental en la experiencia de viaje\u201d, coment\u00f3 la directora regional de Sernatur, Ximena Castro.<\/p>\n\n\n\n<p>Por su parte, Jaime Lira, director de las carreras del \u00c1rea de Turismo y Gastronom\u00eda, destac\u00f3 la presentaci\u00f3n que realiz\u00f3 la directora regional. \u201cEs una oportunidad valiosa para los estudiantes, porque permite que puedan conocer la realidad en cuanto a oferta tur\u00edstica regional, que puedan ampliar su visi\u00f3n del turismo local y tener un sentido de pertenencia con los atractivos de nuestra regi\u00f3n\u201d, se\u00f1al\u00f3.<\/p>\n\n\n\n<p>Valor\u00f3 adem\u00e1s la relaci\u00f3n que han formado con el Servicio Nacional del Turismo. \u201cEste vinculo con Sernatur es muy importante para nosotros, porque valida los conocimientos que los estudiantes adquieren en el aula y les permite conocer de primera fuente las actividades y promociones que realiza el Servicio Nacional del Turismo, los planes de activaci\u00f3n y reactivaci\u00f3n, como tambi\u00e9n entregar sus aportes bajo la mirada del estudiante, considerando que ser\u00e1n las futuras generaciones que trabajar\u00e1n en el sector\u201d, coment\u00f3.<\/p>\n\n\n\n<p>A la jornada de trabajo con Sernatur participaron estudiantes y docentes de las carreras de Servicio Aerocomerciales y Transporte Tur\u00edstico y T\u00e9cnico en Hoteler\u00eda y Turismo. La actividad contempl\u00f3 tambi\u00e9n una capacitaci\u00f3n en el uso de imagen para campa\u00f1as relacionadas con turismo, la presentaci\u00f3n de la folleter\u00eda y las normas gr\u00e1ficas que utiliza Sernatur.&nbsp;<\/p>\n","protected":false},"excerpt":{"rendered":"<p>Con una presentaci\u00f3n que recorri\u00f3 todas las provincias de la Regi\u00f3n de Magallanes y Ant\u00e1rtica Chilena, los estudiantes del \u00c1rea de Turismo y Gastronom\u00eda del Centro de formaci\u00f3n T\u00e9cnica Santo&#8230; <a class=\"read-more\" href=\"https:\/\/www.radiopresidenteibanez.cl\/web\/estudiantes-de-turismo-de-santo-tomas-conocieron-los-destinos-turisticos-en-charla-de-sernatur\/\">Leer m\u00e1s<\/a><\/p>\n","protected":false},"author":2,"featured_media":30567,"comment_status":"closed","ping_status":"closed","sticky":false,"template":"","format":"standard","meta":{"footnotes":""},"categories":[1],"tags":[],"class_list":["post-30566","post","type-post","status-publish","format-standard","has-post-thumbnail","hentry","category-cronica"],"_links":{"self":[{"href":"https:\/\/www.radiopresidenteibanez.cl\/web\/wp-json\/wp\/v2\/posts\/30566","targetHints":{"allow":["GET"]}}],"collection":[{"href":"https:\/\/www.radiopresidenteibanez.cl\/web\/wp-json\/wp\/v2\/posts"}],"about":[{"href":"https:\/\/www.radiopresidenteibanez.cl\/web\/wp-json\/wp\/v2\/types\/post"}],"author":[{"embeddable":true,"href":"https:\/\/www.radiopresidenteibanez.cl\/web\/wp-json\/wp\/v2\/users\/2"}],"replies":[{"embeddable":true,"href":"https:\/\/www.radiopresidenteibanez.cl\/web\/wp-json\/wp\/v2\/comments?post=30566"}],"version-history":[{"count":0,"href":"https:\/\/www.radiopresidenteibanez.cl\/web\/wp-json\/wp\/v2\/posts\/30566\/revisions"}],"wp:featuredmedia":[{"embeddable":true,"href":"https:\/\/www.radiopresidenteibanez.cl\/web\/wp-json\/wp\/v2\/media\/30567"}],"wp:attachment":[{"href":"https:\/\/www.radiopresidenteibanez.cl\/web\/wp-json\/wp\/v2\/media?parent=30566"}],"wp:term":[{"taxonomy":"category","embeddable":true,"href":"https:\/\/www.radiopresidenteibanez.cl\/web\/wp-json\/wp\/v2\/categories?post=30566"},{"taxonomy":"post_tag","embeddable":true,"href":"https:\/\/www.radiopresidenteibanez.cl\/web\/wp-json\/wp\/v2\/tags?post=30566"}],"curies":[{"name":"wp","href":"https:\/\/api.w.org\/{rel}","templated":true}]}}