{"id":30548,"date":"2022-06-17T10:17:00","date_gmt":"2022-06-17T13:17:00","guid":{"rendered":"https:\/\/www.radiopresidenteibanez.cl\/web\/?p=30548"},"modified":"2022-06-17T09:54:03","modified_gmt":"2022-06-17T12:54:03","slug":"nuevo-doirector-regional-del-fosis-comenzo-actividades-en-terreno","status":"publish","type":"post","link":"https:\/\/www.radiopresidenteibanez.cl\/web\/nuevo-doirector-regional-del-fosis-comenzo-actividades-en-terreno\/","title":{"rendered":"NUEVO DOIRECTOR REGIONAL DEL FOSIS COMENZO ACTIVIDADES EN TERRENO"},"content":{"rendered":"\n<p>Felipe Jeria Palma\nes el nuevo director regional de este servicio relacionado al Ministerio de\nDesarrollo Social y Familia, y en su primera actividad p\u00fablica visit\u00f3 a Diana\nRicaurte, una emprendedora colombiana avecindada en Magallanes hace 10 a\u00f1os.<\/p>\n\n\n\n<p>Ella es la\nresponsable de \u201cDikari Beauty Nails\u201d, ubicada en el Barrio Prat, y que ofrece\nservicios de manicure, pedicure, depilaci\u00f3n y pesta\u00f1as. Actualmente da empleo a\nsiete mujeres que desarrollan su oficio en este centro de belleza. <\/p>\n\n\n\n<p>Junto con\nfelicitar a la emprendedora y colaboradoras, el Seremi Mimica se\u00f1al\u00f3 los\ndesaf\u00edos de la nueva autoridad regional. \u201cTuvimos nuestra primera actividad en\nterreno viendo el trabajo de Diana, que se benefici\u00f3 del programa Yo Emprendo,\nas\u00ed que lo que le espera a nuestro director es harto trabajo en terreno,\nconocimiento y para eso el Ministerio siempre estar\u00e1 acompa\u00f1ando para conocer\nestas iniciativas. Ella emplea a siete mujeres y esto est\u00e1 en la l\u00ednea de lo\nque quiere el Gobierno, que es fortalecer el trabajo en las mujeres\u201d.<\/p>\n\n\n\n<p>Por su parte, el\nnuevo director regional del FOSIS, Felipe Jeria, se\u00f1al\u00f3 estar \u201chonrado de\nasumir este lindo desaf\u00edo. Una responsabilidad importante, hay un trabajo arduo\npor hacer. Sin lugar a duda, hay una necesidad real de trabajar en los territorios\ny con las comunidades, con las personas y las familias. En ese sentido el\nenfoque que va a tener FOSIS va a procurar generar estos lazos constantes entre\nla comunidad y el servicio para impulsar pol\u00edticas p\u00fablicas que tengan relaci\u00f3n\ncon la superaci\u00f3n de la pobreza y la vulnerabilidad social\u201d.&nbsp; <\/p>\n","protected":false},"excerpt":{"rendered":"<p>Felipe Jeria Palma es el nuevo director regional de este servicio relacionado al Ministerio de Desarrollo Social y Familia, y en su primera actividad p\u00fablica visit\u00f3 a Diana Ricaurte, una&#8230; <a class=\"read-more\" href=\"https:\/\/www.radiopresidenteibanez.cl\/web\/nuevo-doirector-regional-del-fosis-comenzo-actividades-en-terreno\/\">Leer m\u00e1s<\/a><\/p>\n","protected":false},"author":2,"featured_media":30549,"comment_status":"closed","ping_status":"closed","sticky":false,"template":"","format":"standard","meta":{"footnotes":""},"categories":[1],"tags":[],"class_list":["post-30548","post","type-post","status-publish","format-standard","has-post-thumbnail","hentry","category-cronica"],"_links":{"self":[{"href":"https:\/\/www.radiopresidenteibanez.cl\/web\/wp-json\/wp\/v2\/posts\/30548","targetHints":{"allow":["GET"]}}],"collection":[{"href":"https:\/\/www.radiopresidenteibanez.cl\/web\/wp-json\/wp\/v2\/posts"}],"about":[{"href":"https:\/\/www.radiopresidenteibanez.cl\/web\/wp-json\/wp\/v2\/types\/post"}],"author":[{"embeddable":true,"href":"https:\/\/www.radiopresidenteibanez.cl\/web\/wp-json\/wp\/v2\/users\/2"}],"replies":[{"embeddable":true,"href":"https:\/\/www.radiopresidenteibanez.cl\/web\/wp-json\/wp\/v2\/comments?post=30548"}],"version-history":[{"count":0,"href":"https:\/\/www.radiopresidenteibanez.cl\/web\/wp-json\/wp\/v2\/posts\/30548\/revisions"}],"wp:featuredmedia":[{"embeddable":true,"href":"https:\/\/www.radiopresidenteibanez.cl\/web\/wp-json\/wp\/v2\/media\/30549"}],"wp:attachment":[{"href":"https:\/\/www.radiopresidenteibanez.cl\/web\/wp-json\/wp\/v2\/media?parent=30548"}],"wp:term":[{"taxonomy":"category","embeddable":true,"href":"https:\/\/www.radiopresidenteibanez.cl\/web\/wp-json\/wp\/v2\/categories?post=30548"},{"taxonomy":"post_tag","embeddable":true,"href":"https:\/\/www.radiopresidenteibanez.cl\/web\/wp-json\/wp\/v2\/tags?post=30548"}],"curies":[{"name":"wp","href":"https:\/\/api.w.org\/{rel}","templated":true}]}}