{"id":30545,"date":"2022-06-17T09:07:18","date_gmt":"2022-06-17T12:07:18","guid":{"rendered":"https:\/\/www.radiopresidenteibanez.cl\/web\/?p=30545"},"modified":"2022-06-17T09:07:24","modified_gmt":"2022-06-17T12:07:24","slug":"corte-de-ruta-ch-255-sector-monte-aymond-por-accidente-de-transito","status":"publish","type":"post","link":"https:\/\/www.radiopresidenteibanez.cl\/web\/corte-de-ruta-ch-255-sector-monte-aymond-por-accidente-de-transito\/","title":{"rendered":"CORTE DE RUTA CH-255 SECTOR MONTE AYMOND POR ACCIDENTE DE TRANSITO"},"content":{"rendered":"\n<p>Aproximadamente a las 4:00am, se produjo una colisi\u00f3n\npor alcance de dos camiones argentinos. Esto ocurri\u00f3 casi llegando al complejo\nfronterizo Integraci\u00f3n Austral de Monte Aymond.<\/p>\n\n\n\n<p>La ruta se encuentra cortada en estos momentos.<\/p>\n\n\n\n<p>1.-Hora: 04:00horas.<\/p>\n\n\n\n<p>2.-Lugar: Ruta CH-255 Km 140.<\/p>\n\n\n\n<p>3.-Comuna: San Gregorio<\/p>\n\n\n\n<p>4.-Unidad: Tenencia Monte Aymond (F)<\/p>\n\n\n\n<p>A la hora antes se\u00f1alada, el suboficial de guardia fue\nalertado por un camionero de nacionalidad Argentino que se encontraba\ndescansando en la fila para realizar los tr\u00e1mites de salida del pa\u00eds, cuando\nsorpresivamente un cami\u00f3n de origen argentino y conducido por un ciudadano de\nla misma nacionalidad, se qued\u00f3 dormido llegando al l\u00edmite de la frontera,\nchocando contra el remolque&nbsp; del cami\u00f3n\nque se encontraba estacionado, procediendo a incendiarse la cabina cuando el\nconductor hab\u00eda sido bajado del interior.<\/p>\n\n\n\n<p>Se tom\u00f3 contacto con el Fiscal de turno, quien\ninstruy\u00f3 concurrencia de la Siat al lugar.<\/p>\n\n\n\n<p>Ambos choferes son de nacionalidad argentina y se\nencuentran sin riesgo vital.<\/p>\n","protected":false},"excerpt":{"rendered":"<p>Aproximadamente a las 4:00am, se produjo una colisi\u00f3n por alcance de dos camiones argentinos. Esto ocurri\u00f3 casi llegando al complejo fronterizo Integraci\u00f3n Austral de Monte Aymond. La ruta se encuentra&#8230; <a class=\"read-more\" href=\"https:\/\/www.radiopresidenteibanez.cl\/web\/corte-de-ruta-ch-255-sector-monte-aymond-por-accidente-de-transito\/\">Leer m\u00e1s<\/a><\/p>\n","protected":false},"author":2,"featured_media":30546,"comment_status":"closed","ping_status":"closed","sticky":false,"template":"","format":"standard","meta":{"footnotes":""},"categories":[1],"tags":[],"class_list":["post-30545","post","type-post","status-publish","format-standard","has-post-thumbnail","hentry","category-cronica"],"_links":{"self":[{"href":"https:\/\/www.radiopresidenteibanez.cl\/web\/wp-json\/wp\/v2\/posts\/30545","targetHints":{"allow":["GET"]}}],"collection":[{"href":"https:\/\/www.radiopresidenteibanez.cl\/web\/wp-json\/wp\/v2\/posts"}],"about":[{"href":"https:\/\/www.radiopresidenteibanez.cl\/web\/wp-json\/wp\/v2\/types\/post"}],"author":[{"embeddable":true,"href":"https:\/\/www.radiopresidenteibanez.cl\/web\/wp-json\/wp\/v2\/users\/2"}],"replies":[{"embeddable":true,"href":"https:\/\/www.radiopresidenteibanez.cl\/web\/wp-json\/wp\/v2\/comments?post=30545"}],"version-history":[{"count":0,"href":"https:\/\/www.radiopresidenteibanez.cl\/web\/wp-json\/wp\/v2\/posts\/30545\/revisions"}],"wp:featuredmedia":[{"embeddable":true,"href":"https:\/\/www.radiopresidenteibanez.cl\/web\/wp-json\/wp\/v2\/media\/30546"}],"wp:attachment":[{"href":"https:\/\/www.radiopresidenteibanez.cl\/web\/wp-json\/wp\/v2\/media?parent=30545"}],"wp:term":[{"taxonomy":"category","embeddable":true,"href":"https:\/\/www.radiopresidenteibanez.cl\/web\/wp-json\/wp\/v2\/categories?post=30545"},{"taxonomy":"post_tag","embeddable":true,"href":"https:\/\/www.radiopresidenteibanez.cl\/web\/wp-json\/wp\/v2\/tags?post=30545"}],"curies":[{"name":"wp","href":"https:\/\/api.w.org\/{rel}","templated":true}]}}