{"id":3054,"date":"2019-04-05T14:52:24","date_gmt":"2019-04-05T14:52:24","guid":{"rendered":"http:\/\/www.radiopresidenteibanez.cl\/web\/?p=3054"},"modified":"2019-04-05T14:52:55","modified_gmt":"2019-04-05T14:52:55","slug":"ulises-callahan-barria-q-e-p-d","status":"publish","type":"post","link":"https:\/\/www.radiopresidenteibanez.cl\/web\/ulises-callahan-barria-q-e-p-d\/","title":{"rendered":"ULISES CALLAHAN BARRIA   Q.E.P.D"},"content":{"rendered":"\n<p>Fue un hombre de radio, de aquellos de la vieja escuela.\u00a0 Los que se hicieron en el rigor de los turnos de los o\u00eddos afinados y el pulso firme.\u00a0 De los remotos hallicrafters, las grabadoras de carrete abierto y los inolvidables\u00a0 tocadiscos.\u00a0 Fue un hombre prolijo en extremo, con un c\u00famulo de an\u00e9cdotas, y graduado de los turnos de noche.\u00a0 Del \u00faltimo turno.\u00a0 Sonia, su mujer y sus hijas Marcia y Viviana eran su mundo, materia de\u00a0 constante conversaci\u00f3n.\u00a0 Y\u00a0 tiene que haber cumplido por lo menos sus 40 a\u00f1os de radio, sino m\u00e1s.\u00a0 El querido Ulises, o \u201cca\u00f1a\u00f1o\u201d para sus compa\u00f1eros o amigos cercanos era un infatigable.\u00a0 Nunca de poner\u00a0 trabas,\u00a0 sino m\u00e1s bien callado en las reuniones y de poner el hombro al trabajo.\u00a0\u00a0 Esa era la radio en que le conoc\u00ed, siempre de punta en blanco y con su voz lastimera, de la cual el resto siempre se festinaba.\u00a0 El solo se encog\u00eda de hombros y a otra cosa.\u00a0 Pero los a\u00f1os pasan, y al poner candado a la Ib\u00e1\u00f1ez de calle Err\u00e1zuriz,\u00a0 \u00e9l se fue a otras actividades dejando el traj\u00edn radiof\u00f3nico solo como un grato recuerdo,\u00a0 los mismos que se gatillaban en su reuni\u00f3n mensual de la Cofrad\u00eda,\u00a0 de la cual era miembro activo, y colaborador pertinaz.\u00a0\u00a0 En los \u00faltimos a\u00f1os la vida le fue poniendo obst\u00e1culos, que \u00e9l supo sortear, hasta la partida imprevista de su compa\u00f1era de vida,\u00a0 su querida Sonia.\u00a0 Y de ah\u00ed en m\u00e1s,\u00a0 cuesta abajo en la rodada,\u00a0 donde su salud tampoco lo acompa\u00f1o. Hoy\u00a0 la noticia fue escueta.\u00a0 Nos dej\u00f3 Ulises Callahan,\u00a0 hombre que est\u00e1 en el ADN de la radio de los 60 y 70.\u00a0\u00a0 Hizo de su vida lo que m\u00e1s le apasiono,\u00a0 sumo una legi\u00f3n enorme de amigos y compa\u00f1eros de trabajo.\u00a0 Y nos dej\u00f3 su bonhomia,\u00a0 su traj\u00edn quieto y respetuoso y sus an\u00e9cdotas que el mismo rese\u00f1aba con una gracia del\u00a0 mejor contador de historias.\u00a0\u00a0 Descansa en paz estimado Ulises.<\/p>\n\n\n\n<ul class=\"wp-block-gallery columns-2 is-cropped wp-block-gallery-1 is-layout-flex wp-block-gallery-is-layout-flex\"><li class=\"blocks-gallery-item\"><figure><img loading=\"lazy\" decoding=\"async\" width=\"1024\" height=\"576\" src=\"https:\/\/www.radiopresidenteibanez.cl\/web\/wp-content\/uploads\/2019\/04\/Screenshot_20190405-114104-1024x576.jpg\" alt=\"\" data-id=\"3055\" data-link=\"https:\/\/www.radiopresidenteibanez.cl\/web\/?attachment_id=3055\" class=\"wp-image-3055\" srcset=\"https:\/\/www.radiopresidenteibanez.cl\/web\/wp-content\/uploads\/2019\/04\/Screenshot_20190405-114104-1024x576.jpg 1024w, https:\/\/www.radiopresidenteibanez.cl\/web\/wp-content\/uploads\/2019\/04\/Screenshot_20190405-114104-300x169.jpg 300w, https:\/\/www.radiopresidenteibanez.cl\/web\/wp-content\/uploads\/2019\/04\/Screenshot_20190405-114104-768x432.jpg 768w, https:\/\/www.radiopresidenteibanez.cl\/web\/wp-content\/uploads\/2019\/04\/Screenshot_20190405-114104.jpg 1920w\" sizes=\"auto, (max-width: 1024px) 100vw, 1024px\" \/><\/figure><\/li><li class=\"blocks-gallery-item\"><figure><img loading=\"lazy\" decoding=\"async\" width=\"1024\" height=\"576\" src=\"https:\/\/www.radiopresidenteibanez.cl\/web\/wp-content\/uploads\/2019\/04\/Screenshot_20190405-114117-1024x576.jpg\" alt=\"\" data-id=\"3056\" data-link=\"https:\/\/www.radiopresidenteibanez.cl\/web\/?attachment_id=3056\" class=\"wp-image-3056\" srcset=\"https:\/\/www.radiopresidenteibanez.cl\/web\/wp-content\/uploads\/2019\/04\/Screenshot_20190405-114117-1024x576.jpg 1024w, https:\/\/www.radiopresidenteibanez.cl\/web\/wp-content\/uploads\/2019\/04\/Screenshot_20190405-114117-300x169.jpg 300w, https:\/\/www.radiopresidenteibanez.cl\/web\/wp-content\/uploads\/2019\/04\/Screenshot_20190405-114117-768x432.jpg 768w, https:\/\/www.radiopresidenteibanez.cl\/web\/wp-content\/uploads\/2019\/04\/Screenshot_20190405-114117.jpg 1920w\" sizes=\"auto, (max-width: 1024px) 100vw, 1024px\" \/><\/figure><\/li><\/ul>\n","protected":false},"excerpt":{"rendered":"<p>Fue un hombre de radio, de aquellos de la vieja escuela.\u00a0 Los que se hicieron en el rigor de los turnos de los o\u00eddos afinados y el pulso firme.\u00a0 De&#8230; <a class=\"read-more\" href=\"https:\/\/www.radiopresidenteibanez.cl\/web\/ulises-callahan-barria-q-e-p-d\/\">Leer m\u00e1s<\/a><\/p>\n","protected":false},"author":2,"featured_media":3055,"comment_status":"closed","ping_status":"closed","sticky":false,"template":"","format":"standard","meta":{"footnotes":""},"categories":[1],"tags":[],"class_list":["post-3054","post","type-post","status-publish","format-standard","has-post-thumbnail","hentry","category-cronica"],"_links":{"self":[{"href":"https:\/\/www.radiopresidenteibanez.cl\/web\/wp-json\/wp\/v2\/posts\/3054","targetHints":{"allow":["GET"]}}],"collection":[{"href":"https:\/\/www.radiopresidenteibanez.cl\/web\/wp-json\/wp\/v2\/posts"}],"about":[{"href":"https:\/\/www.radiopresidenteibanez.cl\/web\/wp-json\/wp\/v2\/types\/post"}],"author":[{"embeddable":true,"href":"https:\/\/www.radiopresidenteibanez.cl\/web\/wp-json\/wp\/v2\/users\/2"}],"replies":[{"embeddable":true,"href":"https:\/\/www.radiopresidenteibanez.cl\/web\/wp-json\/wp\/v2\/comments?post=3054"}],"version-history":[{"count":0,"href":"https:\/\/www.radiopresidenteibanez.cl\/web\/wp-json\/wp\/v2\/posts\/3054\/revisions"}],"wp:featuredmedia":[{"embeddable":true,"href":"https:\/\/www.radiopresidenteibanez.cl\/web\/wp-json\/wp\/v2\/media\/3055"}],"wp:attachment":[{"href":"https:\/\/www.radiopresidenteibanez.cl\/web\/wp-json\/wp\/v2\/media?parent=3054"}],"wp:term":[{"taxonomy":"category","embeddable":true,"href":"https:\/\/www.radiopresidenteibanez.cl\/web\/wp-json\/wp\/v2\/categories?post=3054"},{"taxonomy":"post_tag","embeddable":true,"href":"https:\/\/www.radiopresidenteibanez.cl\/web\/wp-json\/wp\/v2\/tags?post=3054"}],"curies":[{"name":"wp","href":"https:\/\/api.w.org\/{rel}","templated":true}]}}