{"id":30526,"date":"2022-06-16T15:23:13","date_gmt":"2022-06-16T18:23:13","guid":{"rendered":"https:\/\/www.radiopresidenteibanez.cl\/web\/?p=30526"},"modified":"2022-06-16T15:23:19","modified_gmt":"2022-06-16T18:23:19","slug":"subsecretario-eduardo-vergara-se-reune-con-vecinos-policias-y-autoridades-locales","status":"publish","type":"post","link":"https:\/\/www.radiopresidenteibanez.cl\/web\/subsecretario-eduardo-vergara-se-reune-con-vecinos-policias-y-autoridades-locales\/","title":{"rendered":"SUBSECRETARIO EDUARDO VERGARA SE REUNE CON VECINOS, POLICIAS Y AUTORIDADES LOCALES"},"content":{"rendered":"\n<p>Tras participar\nen el primer Consejo Regional de Seguridad P\u00fablica del a\u00f1o 2022 en Punta\nArenas, el Subsecretario de Prevenci\u00f3n del Delito, Eduardo Vergara, realiz\u00f3 una\nserie de actividades en la Regi\u00f3n de Magallanes, que incluyeron reuniones con\njuntas de vecinos, Carabineros, la Polic\u00eda de Investigaciones y autoridades\nlocales.<\/p>\n\n\n\n<p>El mi\u00e9rcoles por\nla tarde, el Subsecretario se reuni\u00f3 con vecinas y vecinas del sector centro de\nPunta Arenas, con quienes abord\u00f3 los problemas de seguridad que afectan a la\ncomunidad y convers\u00f3 sobre las soluciones que se est\u00e1n ejecutando con las\npolic\u00edas y el resto de las instituciones regionales.<\/p>\n\n\n\n<p>La ma\u00f1ana de este\nmi\u00e9rcoles, en tanto, particip\u00f3 en entrevistas con Radio Polar y El Ping\u00fcino, en\nlas que expuso los principales ejes de trabajo del Gobierno del Presidente\nGabriel Boric en materia de Prevenci\u00f3n. Entre ellos, el proceso de reforma y\nfortalecimiento de Carabineros, el fin de la concursabilidad para el acceso a\nrecursos para proyectos de seguridad por parte de los municipios, y la\nimportancia de la prevenci\u00f3n con ni\u00f1os, ni\u00f1as y adolescentes.<\/p>\n\n\n\n<p>\u00abLa\nprevenci\u00f3n temprana es clave. Nosotros tenemos el Sistema Lazos. El Estado tiene\nque abrazar a estos menores para acompa\u00f1arlos, asistirlos y que no caigan en\ncarreras delictuales\u00bb, puntualiz\u00f3.<\/p>\n\n\n\n<p>Posteriormente,\nsostuvo un encuentro con el Jefe Regional de la PDI en Magallanes, Prefecto\nInspector Jos\u00e9 Carrasco, y con los detectives de todas las brigadas que\nactualmente tienen presencia en la regi\u00f3n.<\/p>\n\n\n\n<p>Para continuar su\njornada en la capital de la Regi\u00f3n de Magallanes, el Subsecretario Vergara\nvisit\u00f3 las nuevas instalaciones de la Prefectura de Carabineros en la zona,\nluego del incendio que afect\u00f3 estas dependencias el pasado mes de mayo.<\/p>\n\n\n\n<p>Finalmente,\nanaliz\u00f3 los principales problemas de seguridad de la zona con el Alcalde\nClaudio Radonich. \u201cLuego del Consejo Regional de ayer, nos reunimos a trabajar\ncon el alcalde para apoyar su labor preventiva en la comuna, identificar\nnecesidades y dise\u00f1ar una hoja de ruta conjunta\u201d, dijo el Subsecretario.<\/p>\n","protected":false},"excerpt":{"rendered":"<p>Tras participar en el primer Consejo Regional de Seguridad P\u00fablica del a\u00f1o 2022 en Punta Arenas, el Subsecretario de Prevenci\u00f3n del Delito, Eduardo Vergara, realiz\u00f3 una serie de actividades en&#8230; <a class=\"read-more\" href=\"https:\/\/www.radiopresidenteibanez.cl\/web\/subsecretario-eduardo-vergara-se-reune-con-vecinos-policias-y-autoridades-locales\/\">Leer m\u00e1s<\/a><\/p>\n","protected":false},"author":2,"featured_media":30527,"comment_status":"closed","ping_status":"closed","sticky":false,"template":"","format":"standard","meta":{"footnotes":""},"categories":[1],"tags":[],"class_list":["post-30526","post","type-post","status-publish","format-standard","has-post-thumbnail","hentry","category-cronica"],"_links":{"self":[{"href":"https:\/\/www.radiopresidenteibanez.cl\/web\/wp-json\/wp\/v2\/posts\/30526","targetHints":{"allow":["GET"]}}],"collection":[{"href":"https:\/\/www.radiopresidenteibanez.cl\/web\/wp-json\/wp\/v2\/posts"}],"about":[{"href":"https:\/\/www.radiopresidenteibanez.cl\/web\/wp-json\/wp\/v2\/types\/post"}],"author":[{"embeddable":true,"href":"https:\/\/www.radiopresidenteibanez.cl\/web\/wp-json\/wp\/v2\/users\/2"}],"replies":[{"embeddable":true,"href":"https:\/\/www.radiopresidenteibanez.cl\/web\/wp-json\/wp\/v2\/comments?post=30526"}],"version-history":[{"count":0,"href":"https:\/\/www.radiopresidenteibanez.cl\/web\/wp-json\/wp\/v2\/posts\/30526\/revisions"}],"wp:featuredmedia":[{"embeddable":true,"href":"https:\/\/www.radiopresidenteibanez.cl\/web\/wp-json\/wp\/v2\/media\/30527"}],"wp:attachment":[{"href":"https:\/\/www.radiopresidenteibanez.cl\/web\/wp-json\/wp\/v2\/media?parent=30526"}],"wp:term":[{"taxonomy":"category","embeddable":true,"href":"https:\/\/www.radiopresidenteibanez.cl\/web\/wp-json\/wp\/v2\/categories?post=30526"},{"taxonomy":"post_tag","embeddable":true,"href":"https:\/\/www.radiopresidenteibanez.cl\/web\/wp-json\/wp\/v2\/tags?post=30526"}],"curies":[{"name":"wp","href":"https:\/\/api.w.org\/{rel}","templated":true}]}}