{"id":30523,"date":"2022-06-16T12:49:00","date_gmt":"2022-06-16T15:49:00","guid":{"rendered":"https:\/\/www.radiopresidenteibanez.cl\/web\/?p=30523"},"modified":"2022-06-16T11:46:42","modified_gmt":"2022-06-16T14:46:42","slug":"sueldo-minimo-inicia-proceso-de-solicitud-del-subsidio-para-mipymes","status":"publish","type":"post","link":"https:\/\/www.radiopresidenteibanez.cl\/web\/sueldo-minimo-inicia-proceso-de-solicitud-del-subsidio-para-mipymes\/","title":{"rendered":"SUELDO MINIMO: INICIA PROCESO DE SOLICITUD DEL SUBSIDIO PARA MIPYMES"},"content":{"rendered":"\n<p>El ministro de Econom\u00eda, Fomento y\nTurismo, Nicol\u00e1s Grau, junto al director del Servicio de Impuestos (SII),\nHern\u00e1n Frigolett, informaron el inicio del proceso de solicitud del subsidio al\nnuevo sueldo m\u00ednimo a trav\u00e9s de la plataforma web del SII para las Micro,\nPeque\u00f1as y Medianas empresas (MiPymes).&nbsp;<\/p>\n\n\n\n<p>El beneficio establecido en la Ley\nN\u00b021.456 tiene como objetivo central entregar apoyo a las empresas de menor\ntama\u00f1o, para que puedan pagar el nuevo salario m\u00ednimo, si cuentan con las\ncondiciones establecidas en la normativa, ya que son las que han enfrentado\nmayores dificultades econ\u00f3micas, pero tambi\u00e9n aplica a cooperativas, personas\njur\u00eddicas sin fines de lucro (fundaciones u otras) y comunidades.&nbsp;&nbsp;<\/p>\n\n\n\n<p>El ministro Nicol\u00e1s Grau destac\u00f3 que\n\u00abnunca hab\u00eda existido un subsidio a las empresas en el marco de un aumento\nsalarial. Es un subsidio a las empresas, y busca ayudarlas a cubrir este\naumento del salario m\u00ednimo, de manera tal que se cumpla uno de los compromisos\nm\u00e1s importantes del presidente Boric: Las mejoras en la calidad de vida de las\ny los trabajadores no sean a costa de las empresas de menor tama\u00f1o\u201d,\nse\u00f1al\u00f3.&nbsp;<\/p>\n\n\n\n<p>Este aporte no est\u00e1 sujeto a impuestos,\nretenciones o embargos, y es variable. Es decir, el subsidio final que recibir\u00e1\ncada MiPyme se calcular\u00e1 mes a mes, en base a la informaci\u00f3n entregada por la\nAdministradora de Fondos de Cesant\u00eda al SII, sobre el n\u00famero de trabajadoras y\ntrabajadores y sus ingresos, con un desfase cercano a los dos meses.&nbsp;&nbsp;<\/p>\n\n\n\n<p>El proceso de solicitud en la web de\nSII se realiza una sola vez, y tiene car\u00e1cter retroactivo, dado que su vigencia\nrige desde mayo de 2022. El resto de los meses el subsidio se calcular\u00e1 de\nmanera autom\u00e1tica y se depositar\u00e1 en la cuenta registrada por la MiPyme hasta\nel \u00faltimo d\u00eda h\u00e1bil del mes. Al ingresar a la plataforma, las MiPymes podr\u00e1\nconocer autom\u00e1ticamente si acceder\u00e1 o no al beneficio, de acuerdo con las\ncondiciones establecidas en la ley, adem\u00e1s del monto a recibir. El apoyo es\ntemporal, ya que se entregar\u00e1 hasta abril de 2023, si se cumplen con las\ncondiciones legales para ello.&nbsp;<\/p>\n\n\n\n<p>El director del SII, Hern\u00e1n Frigolett,\nexplic\u00f3 que \u201ccon la implementaci\u00f3n de este mecanismo de acceso a este Subsidio\nal Sueldo M\u00ednimo, el SII busca contribuir a que las trabajadoras y los\ntrabajadores del pa\u00eds tengan acceso al nuevo ingreso m\u00ednimo, primer paso para\nlograr el objetivo de que nadie que trabaje una jornada completa viva junto a\nsu familia bajo la l\u00ednea de la pobreza\u201d.&nbsp;&nbsp;<\/p>\n\n\n\n<p><strong>Qu\u00e9 MiPymes pueden acceder al\nbeneficio:<\/strong>&nbsp; &nbsp;<\/p>\n\n\n\n<p>La seremi de Econom\u00eda, Fomento y\nTurismo, de la regi\u00f3n de Magallanes, Ruth Saieh Latrach recalc\u00f3 quienes pueden\noptar a este beneficio, \u201cLos requisitos principales son,&nbsp;inicio de\nactividad en Primera Categor\u00eda, como persona natural o jur\u00eddica, incluyendo las\ncooperativas\u201d. Las empresas que inicien actividades desde el 1 de agosto de\n2022 podr\u00e1n acceder en el caso que el sueldo m\u00ednimo aumente a $410.000 (con IPC\nde 7%), entre enero y abril de 2023.&nbsp;&nbsp;<\/p>\n\n\n\n<p>Las que tengan ventas o servicios del\ngiro superiores a 0,01 UF e iguales o inferiores a 100.000 UF en\n2021.&nbsp;&nbsp;<\/p>\n\n\n\n<p>Las que cuenten con uno o m\u00e1s\ntrabajadoras o trabajadores con sueldo m\u00ednimo, de acuerdo con el periodo\ncontemplado en la Ley N\u00b0 21.456&nbsp;<\/p>\n\n\n\n<p>Las que sean persona jur\u00eddica sin fines\nde lucro y comunidades constituidas hasta el 30 de abril de 2022.&nbsp;&nbsp;<\/p>\n\n\n\n<p><strong>C\u00e1lculo del Subsidio:<\/strong>&nbsp;<\/p>\n\n\n\n<p>El c\u00e1lculo del beneficio se basa en la\ninformaci\u00f3n entregada por la Administradora de Fondos de Cesant\u00eda (AFC),\nrespecto del n\u00famero de trabajadoras y trabajadores y su sueldo. Esta\ninformaci\u00f3n es entregada al SII con un desfase cercano a los dos meses, por lo\nque, a trav\u00e9s de la plataforma del Servicio, se informar\u00e1 la fecha de\nactualizaci\u00f3n de los datos utilizados en cada solicitud.&nbsp;&nbsp;<\/p>\n","protected":false},"excerpt":{"rendered":"<p>El ministro de Econom\u00eda, Fomento y Turismo, Nicol\u00e1s Grau, junto al director del Servicio de Impuestos (SII), Hern\u00e1n Frigolett, informaron el inicio del proceso de solicitud del subsidio al nuevo&#8230; <a class=\"read-more\" href=\"https:\/\/www.radiopresidenteibanez.cl\/web\/sueldo-minimo-inicia-proceso-de-solicitud-del-subsidio-para-mipymes\/\">Leer m\u00e1s<\/a><\/p>\n","protected":false},"author":2,"featured_media":30524,"comment_status":"closed","ping_status":"closed","sticky":false,"template":"","format":"standard","meta":{"footnotes":""},"categories":[1],"tags":[],"class_list":["post-30523","post","type-post","status-publish","format-standard","has-post-thumbnail","hentry","category-cronica"],"_links":{"self":[{"href":"https:\/\/www.radiopresidenteibanez.cl\/web\/wp-json\/wp\/v2\/posts\/30523","targetHints":{"allow":["GET"]}}],"collection":[{"href":"https:\/\/www.radiopresidenteibanez.cl\/web\/wp-json\/wp\/v2\/posts"}],"about":[{"href":"https:\/\/www.radiopresidenteibanez.cl\/web\/wp-json\/wp\/v2\/types\/post"}],"author":[{"embeddable":true,"href":"https:\/\/www.radiopresidenteibanez.cl\/web\/wp-json\/wp\/v2\/users\/2"}],"replies":[{"embeddable":true,"href":"https:\/\/www.radiopresidenteibanez.cl\/web\/wp-json\/wp\/v2\/comments?post=30523"}],"version-history":[{"count":0,"href":"https:\/\/www.radiopresidenteibanez.cl\/web\/wp-json\/wp\/v2\/posts\/30523\/revisions"}],"wp:featuredmedia":[{"embeddable":true,"href":"https:\/\/www.radiopresidenteibanez.cl\/web\/wp-json\/wp\/v2\/media\/30524"}],"wp:attachment":[{"href":"https:\/\/www.radiopresidenteibanez.cl\/web\/wp-json\/wp\/v2\/media?parent=30523"}],"wp:term":[{"taxonomy":"category","embeddable":true,"href":"https:\/\/www.radiopresidenteibanez.cl\/web\/wp-json\/wp\/v2\/categories?post=30523"},{"taxonomy":"post_tag","embeddable":true,"href":"https:\/\/www.radiopresidenteibanez.cl\/web\/wp-json\/wp\/v2\/tags?post=30523"}],"curies":[{"name":"wp","href":"https:\/\/api.w.org\/{rel}","templated":true}]}}