{"id":3046,"date":"2019-04-05T14:41:59","date_gmt":"2019-04-05T14:41:59","guid":{"rendered":"http:\/\/www.radiopresidenteibanez.cl\/web\/?p=3046"},"modified":"2019-04-05T14:42:49","modified_gmt":"2019-04-05T14:42:49","slug":"en-los-links-del-club-naval-de-campo-rio-de-los-ciervos-se-desarrollo-el-campeonato-de-golf-pesca-cisne","status":"publish","type":"post","link":"https:\/\/www.radiopresidenteibanez.cl\/web\/en-los-links-del-club-naval-de-campo-rio-de-los-ciervos-se-desarrollo-el-campeonato-de-golf-pesca-cisne\/","title":{"rendered":"EN LOS LINKS DEL CLUB NAVAL DE CAMPO R\u00cdO DE LOS CIERVOS SE DESARROLL\u00d3 EL CAMPEONATO DE GOLF PESCA CISNE"},"content":{"rendered":"\n<p>Cuarenta jugadores distribuidos\nen las categor\u00edas varones, seniors, damas e infantiles participaron en el campeonato\nde golf Pesca Cisne, disputado el 30 y 31 de marzo en los links del Club Naval\nde Campo R\u00edo de los Ciervos.<\/p>\n\n\n\n<p>En el torneo en memoria del\nexperimentado jugador y profesor Jos\u00e9 Jeria, result\u00f3 ganador de la general con\n149 golpes, el jugador Javier Barr\u00eda.<\/p>\n\n\n\n<p>El organizador del torneo, Luis\nRodr\u00edguez, destac\u00f3 la gran convocatoria que tuvo el campeonato y agradeci\u00f3 el\nentusiasmo de todos los jugadores, quienes adem\u00e1s pudieron participar sin\nmayores inconvenientes, ya que el clima los acompa\u00f1\u00f3 durante las dos jornadas.<\/p>\n\n\n\n<p>\u201cEste campeonato es especial,\nporque es en honor al profe Jeria que dedic\u00f3 a\u00f1os de su vida a este deporte y\nal Magallanes Golf Club. \u00c9l vio la evoluci\u00f3n de muchos jugadores de nuestro\nClub y por eso tambi\u00e9n en su honor estamos muy contentos que los ni\u00f1os y ni\u00f1as,\nhijos de los socios, se est\u00e9n motivando con el golf, porque ellos formar\u00e1n la\nnueva generaci\u00f3n de golfistas en el futuro\u201d, se\u00f1al\u00f3 Rodr\u00edguez.<\/p>\n\n\n\n<p>Los resultados fueron los\nsiguientes:<\/p>\n\n\n\n<p><strong>CATEGORIA VARONES:&nbsp;<\/strong><strong>&nbsp;<\/strong><\/p>\n\n\n\n<ul class=\"wp-block-list\"><li>1RO NETO: FERNANDO NEGRETE:\n134 GOLPES <\/li><li>2DO NETO: SEBASTI\u00c1N VARGAS:\n147 GOLPES<\/li><li>1RO GROSS: JAVIER BARR\u00cdA: 149\nGOLPES <\/li><li>2DO GROSS: ERNESTO FERNANDEZ\nDE CABO: 155 GOLPES <\/li><\/ul>\n\n\n\n<p><strong>CATEGORIA SENIORS:<\/strong><strong>&nbsp;<\/strong><\/p>\n\n\n\n<ul class=\"wp-block-list\"><li>1RO NETO: TOM\u00c1S RADONICH: 133\nGOLPES<\/li><li>2DO NETO: JOS\u00c9 AMADO: 140\nGOLPES <\/li><li>1RO GROSS: ANGEL BALCEDA: 156\nGOLPES<\/li><li>2DO GROSS: GABRIEL ALVAREZ:\n163 GOLPES<\/li><\/ul>\n\n\n\n<p><strong>CATEGORIA DAMAS:<\/strong><\/p>\n\n\n\n<ul class=\"wp-block-list\"><li>1RO NETO: NASHA SESNIC 165\nGOLPES<\/li><li>1RO GROSS: ADRIANA BALETA: 161\nGOLPES<\/li><\/ul>\n\n\n\n<ul class=\"wp-block-gallery columns-2 is-cropped wp-block-gallery-1 is-layout-flex wp-block-gallery-is-layout-flex\"><li class=\"blocks-gallery-item\"><figure><img loading=\"lazy\" decoding=\"async\" width=\"900\" height=\"599\" src=\"http:\/\/www.radiopresidenteibanez.cl\/web\/wp-content\/uploads\/2019\/04\/Foto-2.jpg\" alt=\"\" data-id=\"3048\" data-link=\"http:\/\/www.radiopresidenteibanez.cl\/web\/?attachment_id=3048\" class=\"wp-image-3048\" srcset=\"https:\/\/www.radiopresidenteibanez.cl\/web\/wp-content\/uploads\/2019\/04\/Foto-2.jpg 900w, https:\/\/www.radiopresidenteibanez.cl\/web\/wp-content\/uploads\/2019\/04\/Foto-2-300x200.jpg 300w, https:\/\/www.radiopresidenteibanez.cl\/web\/wp-content\/uploads\/2019\/04\/Foto-2-768x511.jpg 768w\" sizes=\"auto, (max-width: 900px) 100vw, 900px\" \/><\/figure><\/li><li class=\"blocks-gallery-item\"><figure><img loading=\"lazy\" decoding=\"async\" width=\"900\" height=\"599\" src=\"http:\/\/www.radiopresidenteibanez.cl\/web\/wp-content\/uploads\/2019\/04\/Foto-3.jpg\" alt=\"\" data-id=\"3049\" data-link=\"http:\/\/www.radiopresidenteibanez.cl\/web\/?attachment_id=3049\" class=\"wp-image-3049\" srcset=\"https:\/\/www.radiopresidenteibanez.cl\/web\/wp-content\/uploads\/2019\/04\/Foto-3.jpg 900w, https:\/\/www.radiopresidenteibanez.cl\/web\/wp-content\/uploads\/2019\/04\/Foto-3-300x200.jpg 300w, https:\/\/www.radiopresidenteibanez.cl\/web\/wp-content\/uploads\/2019\/04\/Foto-3-768x511.jpg 768w\" sizes=\"auto, (max-width: 900px) 100vw, 900px\" \/><\/figure><\/li><li class=\"blocks-gallery-item\"><figure><img loading=\"lazy\" decoding=\"async\" width=\"1024\" height=\"682\" src=\"http:\/\/www.radiopresidenteibanez.cl\/web\/wp-content\/uploads\/2019\/04\/Foto-4-1-1024x682.jpg\" alt=\"\" data-id=\"3050\" data-link=\"http:\/\/www.radiopresidenteibanez.cl\/web\/?attachment_id=3050\" class=\"wp-image-3050\" srcset=\"https:\/\/www.radiopresidenteibanez.cl\/web\/wp-content\/uploads\/2019\/04\/Foto-4-1-1024x682.jpg 1024w, https:\/\/www.radiopresidenteibanez.cl\/web\/wp-content\/uploads\/2019\/04\/Foto-4-1-300x200.jpg 300w, https:\/\/www.radiopresidenteibanez.cl\/web\/wp-content\/uploads\/2019\/04\/Foto-4-1-768x512.jpg 768w, https:\/\/www.radiopresidenteibanez.cl\/web\/wp-content\/uploads\/2019\/04\/Foto-4-1.jpg 2000w\" sizes=\"auto, (max-width: 1024px) 100vw, 1024px\" \/><\/figure><\/li><li class=\"blocks-gallery-item\"><figure><img loading=\"lazy\" decoding=\"async\" width=\"1024\" height=\"683\" src=\"http:\/\/www.radiopresidenteibanez.cl\/web\/wp-content\/uploads\/2019\/04\/FOTO-7-1024x683.jpg\" alt=\"\" data-id=\"3051\" data-link=\"http:\/\/www.radiopresidenteibanez.cl\/web\/?attachment_id=3051\" class=\"wp-image-3051\" srcset=\"https:\/\/www.radiopresidenteibanez.cl\/web\/wp-content\/uploads\/2019\/04\/FOTO-7.jpg 1024w, https:\/\/www.radiopresidenteibanez.cl\/web\/wp-content\/uploads\/2019\/04\/FOTO-7-300x200.jpg 300w, https:\/\/www.radiopresidenteibanez.cl\/web\/wp-content\/uploads\/2019\/04\/FOTO-7-768x512.jpg 768w\" sizes=\"auto, (max-width: 1024px) 100vw, 1024px\" \/><\/figure><\/li><li class=\"blocks-gallery-item\"><figure><img loading=\"lazy\" decoding=\"async\" width=\"900\" height=\"599\" src=\"http:\/\/www.radiopresidenteibanez.cl\/web\/wp-content\/uploads\/2019\/04\/Javier-Barr\u00eda-ganador-torneo.jpg\" alt=\"\" data-id=\"3052\" data-link=\"http:\/\/www.radiopresidenteibanez.cl\/web\/?attachment_id=3052\" class=\"wp-image-3052\" srcset=\"https:\/\/www.radiopresidenteibanez.cl\/web\/wp-content\/uploads\/2019\/04\/Javier-Barr\u00eda-ganador-torneo.jpg 900w, https:\/\/www.radiopresidenteibanez.cl\/web\/wp-content\/uploads\/2019\/04\/Javier-Barr\u00eda-ganador-torneo-300x200.jpg 300w, https:\/\/www.radiopresidenteibanez.cl\/web\/wp-content\/uploads\/2019\/04\/Javier-Barr\u00eda-ganador-torneo-768x511.jpg 768w\" sizes=\"auto, (max-width: 900px) 100vw, 900px\" \/><\/figure><\/li><\/ul>\n","protected":false},"excerpt":{"rendered":"<p>Cuarenta jugadores distribuidos en las categor\u00edas varones, seniors, damas e infantiles participaron en el campeonato de golf Pesca Cisne, disputado el 30 y 31 de marzo en los links del&#8230; <a class=\"read-more\" href=\"https:\/\/www.radiopresidenteibanez.cl\/web\/en-los-links-del-club-naval-de-campo-rio-de-los-ciervos-se-desarrollo-el-campeonato-de-golf-pesca-cisne\/\">Leer m\u00e1s<\/a><\/p>\n","protected":false},"author":2,"featured_media":3050,"comment_status":"closed","ping_status":"closed","sticky":false,"template":"","format":"standard","meta":{"footnotes":""},"categories":[1],"tags":[],"class_list":["post-3046","post","type-post","status-publish","format-standard","has-post-thumbnail","hentry","category-cronica"],"_links":{"self":[{"href":"https:\/\/www.radiopresidenteibanez.cl\/web\/wp-json\/wp\/v2\/posts\/3046","targetHints":{"allow":["GET"]}}],"collection":[{"href":"https:\/\/www.radiopresidenteibanez.cl\/web\/wp-json\/wp\/v2\/posts"}],"about":[{"href":"https:\/\/www.radiopresidenteibanez.cl\/web\/wp-json\/wp\/v2\/types\/post"}],"author":[{"embeddable":true,"href":"https:\/\/www.radiopresidenteibanez.cl\/web\/wp-json\/wp\/v2\/users\/2"}],"replies":[{"embeddable":true,"href":"https:\/\/www.radiopresidenteibanez.cl\/web\/wp-json\/wp\/v2\/comments?post=3046"}],"version-history":[{"count":0,"href":"https:\/\/www.radiopresidenteibanez.cl\/web\/wp-json\/wp\/v2\/posts\/3046\/revisions"}],"wp:featuredmedia":[{"embeddable":true,"href":"https:\/\/www.radiopresidenteibanez.cl\/web\/wp-json\/wp\/v2\/media\/3050"}],"wp:attachment":[{"href":"https:\/\/www.radiopresidenteibanez.cl\/web\/wp-json\/wp\/v2\/media?parent=3046"}],"wp:term":[{"taxonomy":"category","embeddable":true,"href":"https:\/\/www.radiopresidenteibanez.cl\/web\/wp-json\/wp\/v2\/categories?post=3046"},{"taxonomy":"post_tag","embeddable":true,"href":"https:\/\/www.radiopresidenteibanez.cl\/web\/wp-json\/wp\/v2\/tags?post=3046"}],"curies":[{"name":"wp","href":"https:\/\/api.w.org\/{rel}","templated":true}]}}