{"id":30457,"date":"2022-06-14T16:43:00","date_gmt":"2022-06-14T19:43:00","guid":{"rendered":"https:\/\/www.radiopresidenteibanez.cl\/web\/?p=30457"},"modified":"2022-06-14T15:45:16","modified_gmt":"2022-06-14T18:45:16","slug":"conaf-realizo-monitoreo-de-aves-en-parque-nacional-pali-aike","status":"publish","type":"post","link":"https:\/\/www.radiopresidenteibanez.cl\/web\/conaf-realizo-monitoreo-de-aves-en-parque-nacional-pali-aike\/","title":{"rendered":"CONAF REALIZO MONITOREO DE AVES EN PARQUE NACIONAL PALI AIKE"},"content":{"rendered":"\n<p>La Corporaci\u00f3n\nNacional Forestal (CONAF) en Magallanes en el mes de mayo realiz\u00f3 un monitoreo\npara determinar la presencia de aves durante las distintas estaciones del a\u00f1o\nen el Parque Nacional Pali Aike.<\/p>\n\n\n\n<p>Se trata del\nprimero de cuatro monitoreos que se realizan para determinar y comparar la\npresencia y abundancia relativa de aves de estepa en esta \u00e1rea Silvestre\nProtegida administrada por CONAF y que se ubica a 196 kil\u00f3metros al noroeste de\nPunta Arenas, en las cercan\u00edas de la comuna de San Gregorio, caracterizada por\nsu riqueza antropol\u00f3gica y diversidad en flora y fauna.<\/p>\n\n\n\n<p>El monitoreo\nrealizado por el equipo del Departamento de \u00c1reas Silvestres Protegidas (DASP)\nde CONAF se focaliz\u00f3 en 20 puntos de observaci\u00f3n distribuidos entre los\nsectores de Laguna Ana, Laguna Seca, Escorial y Cueva Pali Aike,\ncorrespondientes a zonas de uso p\u00fablico (donde se permite la presencia de\nturistas) y de preservaci\u00f3n (donde no est\u00e1 permitida la presencia de turistas).<\/p>\n\n\n\n<p>Mediante el\nconteo de aves observadas, se identificaron 5 especies distintas de aves, donde\nel flamenco present\u00f3 la mayor cantidad de avistamientos con 26 individuos,\nseguido de la especie \u00f1and\u00fa con 13 individuos, mientras que en menor abundancia\nse identificaron 2 loicas, 1 cern\u00edcalo y 1 churrete acanelado.<\/p>\n\n\n\n<p>Este es un\nresultado predecible para la \u00e9poca del a\u00f1o, donde las aves disminuyen\nnotablemente su actividad y muchas especies migran a territorios con mejores\ncondiciones clim\u00e1ticas, y que ser\u00e1 comparado con el segundo monitoreo que se\nrealizar\u00e1 durante el invierno, adem\u00e1s de dos monitoreos m\u00e1s para la primavera y\nel verano, permitiendo comparar los resultados por sector y estaciones.<\/p>\n\n\n\n<p>Estos monitoreos\nser\u00e1n realizados anualmente para construir una base de datos sobre las aves\npresentes en el Parque Nacional Pali Aike que sirva para mejorar la gesti\u00f3n del\nParque y as\u00ed aplicar las medidas m\u00e1s adecuadas para la conservaci\u00f3n de la fauna\ny los ecosistemas presentes. <\/p>\n","protected":false},"excerpt":{"rendered":"<p>La Corporaci\u00f3n Nacional Forestal (CONAF) en Magallanes en el mes de mayo realiz\u00f3 un monitoreo para determinar la presencia de aves durante las distintas estaciones del a\u00f1o en el Parque&#8230; <a class=\"read-more\" href=\"https:\/\/www.radiopresidenteibanez.cl\/web\/conaf-realizo-monitoreo-de-aves-en-parque-nacional-pali-aike\/\">Leer m\u00e1s<\/a><\/p>\n","protected":false},"author":2,"featured_media":30458,"comment_status":"closed","ping_status":"closed","sticky":false,"template":"","format":"standard","meta":{"footnotes":""},"categories":[1],"tags":[],"class_list":["post-30457","post","type-post","status-publish","format-standard","has-post-thumbnail","hentry","category-cronica"],"_links":{"self":[{"href":"https:\/\/www.radiopresidenteibanez.cl\/web\/wp-json\/wp\/v2\/posts\/30457","targetHints":{"allow":["GET"]}}],"collection":[{"href":"https:\/\/www.radiopresidenteibanez.cl\/web\/wp-json\/wp\/v2\/posts"}],"about":[{"href":"https:\/\/www.radiopresidenteibanez.cl\/web\/wp-json\/wp\/v2\/types\/post"}],"author":[{"embeddable":true,"href":"https:\/\/www.radiopresidenteibanez.cl\/web\/wp-json\/wp\/v2\/users\/2"}],"replies":[{"embeddable":true,"href":"https:\/\/www.radiopresidenteibanez.cl\/web\/wp-json\/wp\/v2\/comments?post=30457"}],"version-history":[{"count":0,"href":"https:\/\/www.radiopresidenteibanez.cl\/web\/wp-json\/wp\/v2\/posts\/30457\/revisions"}],"wp:featuredmedia":[{"embeddable":true,"href":"https:\/\/www.radiopresidenteibanez.cl\/web\/wp-json\/wp\/v2\/media\/30458"}],"wp:attachment":[{"href":"https:\/\/www.radiopresidenteibanez.cl\/web\/wp-json\/wp\/v2\/media?parent=30457"}],"wp:term":[{"taxonomy":"category","embeddable":true,"href":"https:\/\/www.radiopresidenteibanez.cl\/web\/wp-json\/wp\/v2\/categories?post=30457"},{"taxonomy":"post_tag","embeddable":true,"href":"https:\/\/www.radiopresidenteibanez.cl\/web\/wp-json\/wp\/v2\/tags?post=30457"}],"curies":[{"name":"wp","href":"https:\/\/api.w.org\/{rel}","templated":true}]}}