{"id":30404,"date":"2022-06-13T09:06:32","date_gmt":"2022-06-13T12:06:32","guid":{"rendered":"https:\/\/www.radiopresidenteibanez.cl\/web\/?p=30404"},"modified":"2022-06-13T09:06:38","modified_gmt":"2022-06-13T12:06:38","slug":"en-el-sexto-aniversario-de-la-puesta-en-marcha-del-ministerio-de-la-mujer-seremi-alejandra-ruiz-realizo-actividades-en-terreno","status":"publish","type":"post","link":"https:\/\/www.radiopresidenteibanez.cl\/web\/en-el-sexto-aniversario-de-la-puesta-en-marcha-del-ministerio-de-la-mujer-seremi-alejandra-ruiz-realizo-actividades-en-terreno\/","title":{"rendered":"EN EL SEXTO ANIVERSARIO DE LA PUESTA EN MARCHA DEL MINISTERIO DE LA MUJER SEREMI ALEJANDRA RUIZ REALIZ\u00d3 ACTIVIDADES EN TERRENO"},"content":{"rendered":"\n<p><a>Diversas\nactividades desarroll\u00f3<\/a> la seremi de la\nMujer y la Equidad de G\u00e9nero al cumplirse el sexto aniversario de la puesta en\nmarcha del Ministerio.&nbsp; Alejandra Ruiz se\ndesplaz\u00f3 hasta la Provincia de \u00daltima Esperanza, cuyos municipios comprometieron\nuna Agenda de G\u00e9nero Comunal y la transversalizaci\u00f3n de g\u00e9nero.&nbsp; La autoridad regional tambi\u00e9n se reuni\u00f3 con\nla Delegada Presidencial, Provincial Romina \u00c1lvarez Alarc\u00f3n y los equipos a\ncargo de los dispositivos y programas en Puerto Natales.<\/p>\n\n\n\n<p>El Ministerio de la Mujer y la Equidad de\nG\u00e9nero fue creado en 2015 y entr\u00f3 en funciones el 1 de junio de 2016.&nbsp; La actual ministra del ramo es Antonia\nOrellana Guarello, mientras que la subsecretaria respectiva es Luz Vidal\nHuiriqueo.&nbsp; En Magallanes su\nrepresentante es Alejandra Ruiz Ovando, quien tiene a su cargo la\nimplementaci\u00f3n y ejecuci\u00f3n de las pol\u00edticas p\u00fablicas para que todas las mujeres\nsean tratadas con respeto y sin discriminaci\u00f3n e incentivar la participaci\u00f3n de\nlas mujeres en los espacios de toma de decisi\u00f3n y en las organizaciones\nsociales y pol\u00edticas.<\/p>\n\n\n\n<p>Durante la jornada de trabajo, Alejandra\nRuiz visit\u00f3 la Casa de Acogida para mujeres v\u00edctimas de violencia grave o con\nriesgo vital a cargo de la Delegaci\u00f3n Presidencial de \u00daltima Esperanza y\nsostuvo reuniones de trabajo con los equipos del Centro de la Mujer y el\nprograma \u201c4 a 7\u201d dirigido a Mujeres Jefas de Hogar econ\u00f3micamente activas y\nresponsables de ni\u00f1os y ni\u00f1as de 6 a 13 a\u00f1os.<\/p>\n\n\n\n<p>En trabajo con el Concejo Municipal de\nNatales, que encabeza Antonieta Oyarzo y la Unidad de G\u00e9nero y Direcci\u00f3n de\nDesarrollo Comunitario (Dideco) de la municipalidad, se dieron a conocer los\nconvenios que operan en conjunto con el Servicio Nacional de la Mujer y Equidad\nde G\u00e9nero (Sernameg) y se establecieron las l\u00edneas de trabajo para crear una\nagenda comunal de g\u00e9nero.<\/p>\n\n\n\n<p>Sobre ello, se estableci\u00f3 levantar un\ndiagn\u00f3stico y actualizar la base de datos, en relaci\u00f3n a las brechas de g\u00e9nero\ny diversidades sexogen\u00e9ricas existentes en la comunidad natalina. Tambi\u00e9n se\nanalizar\u00e1n los instrumentos de planificaci\u00f3n y gesti\u00f3n comunal, tales como, el\nPlan Anual de Desarrollo de la Educaci\u00f3n Municipal (Padem), Plan de Desarrollo\nComunal (Pladeco), y Plan Regulador, entre otros.<\/p>\n\n\n\n<p>Alejandra Ruiz dijo que \u201cla idea es poder\nllegar con nuestra oferta program\u00e1tica y nuestros servicios, a trav\u00e9s de la\nMunicipalidad y la Delegaci\u00f3n Presidencial Provincial potenciando el trabajo\nque realizamos, y durante esta visita pudimos hacer un an\u00e1lisis de nuestras\nfortalezas y debilidades, lo que permitir\u00e1 seguir mejorando, siempre en\nbeneficio de las mujeres de la regi\u00f3n\u201d.<\/p>\n\n\n\n<p>En Cerro Castillo, capital de la comuna\nde Torres del Paine la seremi Alejandra Ruiz y la Delegada Provincial Romina\n\u00c1lvarez se reunieron con el concejo municipal encabezado por la alcaldesa Anah\u00ed\nC\u00e1rdenas Rodr\u00edguez, culminando la extensa jornada de trabajo con la\ncapacitaci\u00f3n en \u201cMetodolog\u00eda para primera acogida a mujeres v\u00edctimas de\nviolencia de g\u00e9nero\u201d dirigida a funcionarias y funcionarios del municipio y la\nPosta Rural de la localidad.<\/p>\n\n\n\n<p>El Ministerio de la Mujer y la Equidad de\nG\u00e9nero destaca entre sus objetivos tres grandes desaf\u00edos: consolidar\ndefinitivamente la igualdad ante la ley para las mujeres terminando con todas\nlas discriminaciones legales existentes, generar condiciones que contribuyan a\nincrementar la autonom\u00eda de la mujer, y contribuir a una cultura de respeto a\nla dignidad de la mujer en todos los espacios y a la protecci\u00f3n de su vida y su\nintegridad, combatiendo sin tregua la violencia de g\u00e9nero.<\/p>\n","protected":false},"excerpt":{"rendered":"<p>Diversas actividades desarroll\u00f3 la seremi de la Mujer y la Equidad de G\u00e9nero al cumplirse el sexto aniversario de la puesta en marcha del Ministerio.&nbsp; Alejandra Ruiz se desplaz\u00f3 hasta&#8230; <a class=\"read-more\" href=\"https:\/\/www.radiopresidenteibanez.cl\/web\/en-el-sexto-aniversario-de-la-puesta-en-marcha-del-ministerio-de-la-mujer-seremi-alejandra-ruiz-realizo-actividades-en-terreno\/\">Leer m\u00e1s<\/a><\/p>\n","protected":false},"author":2,"featured_media":30405,"comment_status":"closed","ping_status":"closed","sticky":false,"template":"","format":"standard","meta":{"footnotes":""},"categories":[1],"tags":[],"class_list":["post-30404","post","type-post","status-publish","format-standard","has-post-thumbnail","hentry","category-cronica"],"_links":{"self":[{"href":"https:\/\/www.radiopresidenteibanez.cl\/web\/wp-json\/wp\/v2\/posts\/30404","targetHints":{"allow":["GET"]}}],"collection":[{"href":"https:\/\/www.radiopresidenteibanez.cl\/web\/wp-json\/wp\/v2\/posts"}],"about":[{"href":"https:\/\/www.radiopresidenteibanez.cl\/web\/wp-json\/wp\/v2\/types\/post"}],"author":[{"embeddable":true,"href":"https:\/\/www.radiopresidenteibanez.cl\/web\/wp-json\/wp\/v2\/users\/2"}],"replies":[{"embeddable":true,"href":"https:\/\/www.radiopresidenteibanez.cl\/web\/wp-json\/wp\/v2\/comments?post=30404"}],"version-history":[{"count":0,"href":"https:\/\/www.radiopresidenteibanez.cl\/web\/wp-json\/wp\/v2\/posts\/30404\/revisions"}],"wp:featuredmedia":[{"embeddable":true,"href":"https:\/\/www.radiopresidenteibanez.cl\/web\/wp-json\/wp\/v2\/media\/30405"}],"wp:attachment":[{"href":"https:\/\/www.radiopresidenteibanez.cl\/web\/wp-json\/wp\/v2\/media?parent=30404"}],"wp:term":[{"taxonomy":"category","embeddable":true,"href":"https:\/\/www.radiopresidenteibanez.cl\/web\/wp-json\/wp\/v2\/categories?post=30404"},{"taxonomy":"post_tag","embeddable":true,"href":"https:\/\/www.radiopresidenteibanez.cl\/web\/wp-json\/wp\/v2\/tags?post=30404"}],"curies":[{"name":"wp","href":"https:\/\/api.w.org\/{rel}","templated":true}]}}